{"id":26641,"date":"2023-04-26T19:46:54","date_gmt":"2023-04-27T01:46:54","guid":{"rendered":"http:\/\/elobservatorio.com.mx\/?p=26641"},"modified":"2023-04-26T19:46:54","modified_gmt":"2023-04-27T01:46:54","slug":"acercan-servicios-del-ayuntamiento-de-colima-a-familias-del-infonavit-la-estancia","status":"publish","type":"post","link":"http:\/\/elobservatorio.com.mx\/?p=26641","title":{"rendered":"Acercan servicios del Ayuntamiento de Colima a familias del Infonavit &#8211; La Estancia"},"content":{"rendered":"<p><em>*Con la presencia de Margarita Moreno, Presidenta Municipal de Colima, se llevaron servicios y programas del Ayuntamiento de Colima y la presidenta municipal atendi\u00f3 directamente.<\/em><br aria-hidden=\"true\" \/><br aria-hidden=\"true\" \/>La Presidenta Municipal de Colima, Margarita Moreno, encabez\u00f3 los trabajos del Ayuntamiento M\u00f3vil, programa estrat\u00e9gico que acerca los servicios municipales a la poblaci\u00f3n, en este caso a vecinas y vecinos de la colonia Infonavit-La Estancia, donde acudieron las familias para recibir estos beneficios.<br aria-hidden=\"true\" \/><br aria-hidden=\"true\" \/>Al respecto, Margarita Moreno destac\u00f3 que desde el primer d\u00eda se fij\u00f3 la meta de que cada acci\u00f3n de su administraci\u00f3n ser\u00eda en un beneficio directo a las familias del municipio, por lo que con este programa se acercan los servicios y programas a favor de la poblaci\u00f3n.<br aria-hidden=\"true\" \/><br aria-hidden=\"true\" \/>La Presidenta Municipal atendi\u00f3 personalmente a las vecinas y vecinos de esta colonia, quienes les compartieron sus planteamientos y peticiones, d\u00e1ndoles respuesta y orient\u00e1ndose a las direcciones y \u00e1reas del Ayuntamiento para su respuesta.<br aria-hidden=\"true\" \/><br aria-hidden=\"true\" \/>De esa forma, se proporcionaron los siguientes servicios y programas: expedici\u00f3n de acta de nacimiento y matrimonio; Tiendita Contigo; Mejoramiento de Vivienda; Atenci\u00f3n a reportes ciudadanos; Microcr\u00e9ditos, Mujeres Trabajando; Caja de pagos; y Cursos de primeros Auxilios.\u00a0<br aria-hidden=\"true\" \/><br aria-hidden=\"true\" \/>Tambi\u00e9n se realizaron los servicios gratuitos de corte de cabello, arreglo de aparatos electrodom\u00e9sticos, servicios m\u00e9dicos y odontol\u00f3gicos, por parte de la Secretar\u00eda de la Defensa Nacional (SEDENA); as\u00ed como la vacunaci\u00f3n antirr\u00e1bica para mascotas.<br aria-hidden=\"true\" \/><br aria-hidden=\"true\" \/>Finalmente, Margarita Moreno hizo un reconocimiento a las \u00e1reas y direcciones de Abasto y Comercializaci\u00f3n; Asuntos Jur\u00eddicos; Desarrollo Econ\u00f3mico, Social y Humano; Desarrollo Urbano y Medio Ambiente; Instituto de la Mujer; Juzgado C\u00edvico; Obras P\u00fablicas; Polic\u00eda Municipal; Protecci\u00f3n civil, Tesorer\u00eda y el Instituto de la Juventud, cuyos titulares dieron asesor\u00eda y acompa\u00f1amiento a las familias.<\/p>\n<p>En su mensaje de clausura, Margarita Moreno agradeci\u00f3 el respaldo tambi\u00e9n de la Secretar\u00eda de la Defensa Nacional (Sedena) por trabajar, de manera conjunta, con el Ayuntamiento a favor de las familias, en la construcci\u00f3n de un Colima m\u00e1s limpio, pr\u00f3spero, ordenado, pero sobre todo humano.<\/p>\n","protected":false},"excerpt":{"rendered":"<p>*Con la presencia de Margarita Moreno, Presidenta Municipal de Colima, se llevaron servicios y programas del Ayuntamiento de Colima y la presidenta municipal atendi\u00f3 directamente.La Presidenta Municipal de Colima, Margarita Moreno, encabez\u00f3 los trabajos del Ayuntamiento M\u00f3vil, programa estrat\u00e9gico que acerca los servicios municipales a la poblaci\u00f3n, en este caso a vecinas y vecinos de&#8230;<\/p>\n","protected":false},"author":2,"featured_media":26642,"comment_status":"open","ping_status":"open","sticky":false,"template":"","format":"standard","meta":{"footnotes":""},"categories":[36,8],"tags":[29,30,28],"class_list":["post-26641","post","type-post","status-publish","format-standard","has-post-thumbnail","hentry","category-colima","category-municipios","tag-grid","tag-news","tag-slider"],"_links":{"self":[{"href":"http:\/\/elobservatorio.com.mx\/index.php?rest_route=\/wp\/v2\/posts\/26641"}],"collection":[{"href":"http:\/\/elobservatorio.com.mx\/index.php?rest_route=\/wp\/v2\/posts"}],"about":[{"href":"http:\/\/elobservatorio.com.mx\/index.php?rest_route=\/wp\/v2\/types\/post"}],"author":[{"embeddable":true,"href":"http:\/\/elobservatorio.com.mx\/index.php?rest_route=\/wp\/v2\/users\/2"}],"replies":[{"embeddable":true,"href":"http:\/\/elobservatorio.com.mx\/index.php?rest_route=%2Fwp%2Fv2%2Fcomments&post=26641"}],"version-history":[{"count":0,"href":"http:\/\/elobservatorio.com.mx\/index.php?rest_route=\/wp\/v2\/posts\/26641\/revisions"}],"wp:featuredmedia":[{"embeddable":true,"href":"http:\/\/elobservatorio.com.mx\/index.php?rest_route=\/wp\/v2\/media\/26642"}],"wp:attachment":[{"href":"http:\/\/elobservatorio.com.mx\/index.php?rest_route=%2Fwp%2Fv2%2Fmedia&parent=26641"}],"wp:term":[{"taxonomy":"category","embeddable":true,"href":"http:\/\/elobservatorio.com.mx\/index.php?rest_route=%2Fwp%2Fv2%2Fcategories&post=26641"},{"taxonomy":"post_tag","embeddable":true,"href":"http:\/\/elobservatorio.com.mx\/index.php?rest_route=%2Fwp%2Fv2%2Ftags&post=26641"}],"curies":[{"name":"wp","href":"https:\/\/api.w.org\/{rel}","templated":true}]}}