{"id":26644,"date":"2023-04-26T20:06:44","date_gmt":"2023-04-27T02:06:44","guid":{"rendered":"http:\/\/elobservatorio.com.mx\/?p=26644"},"modified":"2023-04-26T20:06:44","modified_gmt":"2023-04-27T02:06:44","slug":"realizan-estudiantes-feria-ambiental-nuevo-caxitlan","status":"publish","type":"post","link":"http:\/\/elobservatorio.com.mx\/?p=26644","title":{"rendered":"Realizan estudiantes Feria Ambiental Nuevo Caxitl\u00e1n"},"content":{"rendered":"<p><em>*Su objetivo fue dar a conocer a las y los asistentes la importancia del planeta y todas las formas de vida que habitan en ella: Roc\u00edo Cu\u00e9llar, organizadora.<\/em><\/p>\n<p>En el marco del D\u00eda Mundial de la Tierra, que se celebr\u00f3 el pasado domingo, estudiantes y egresados de la Facultad de Ciencias Biol\u00f3gicas y Agropecuarias (FCBA) del campus Tecom\u00e1n de la Universidad de Colima realizaron la Feria Ambiental Nuevo Caxitl\u00e1n.<\/p>\n<p>Roc\u00edo Cu\u00e9llar Olalde, coordinadora de la Licenciatura en Biolog\u00eda, dijo que este evento se realiz\u00f3 en la cancha techada de la colonia Bayardo, donde las y los participantes presentaron charlas educativas sobre la importancia del cuidar el medioambiente, realizaron una exposici\u00f3n de colecciones biol\u00f3gicas y ofrecieron talleres y juegos recreativos.<\/p>\n<p>\u201cEste evento lo realizamos a solicitud de la junta municipal de Nuevo Caxitl\u00e1n, cuyo objetivo fue dar a conocer a las y los asistentes la importancia del planeta y todas las formas de vida que habitan en ella\u201d, asegur\u00f3 Roc\u00edo Cu\u00e9llar en entrevista.<\/p>\n<p>Durante la actividad, explic\u00f3, \u201cse trabaj\u00f3 en un taller de pintura con pigmentos vegetales, un taller de reciclaje y otro de lombricomposta; adem\u00e1s, se imparti\u00f3 una charla sobre c\u00f3mo cuidar el agua, la energ\u00eda el\u00e9ctrica y la separaci\u00f3n de residuos, as\u00ed como juegos en los que las y los asistentes conocieron diferentes especies como insectos, anfibios y reptiles\u201d.<\/p>\n<p>Cu\u00e9llar Olalde refiri\u00f3 que estas acciones forman parte de la extensi\u00f3n y vinculaci\u00f3n del plantel y la UdeC con la sociedad, y que buscan crear conciencia sobre la importancia de cuidar el medioambiente.<\/p>\n<p>&nbsp;<\/p>\n<p>&nbsp;<\/p>\n","protected":false},"excerpt":{"rendered":"<p>*Su objetivo fue dar a conocer a las y los asistentes la importancia del planeta y todas las formas de vida que habitan en ella: Roc\u00edo Cu\u00e9llar, organizadora. En el marco del D\u00eda Mundial de la Tierra, que se celebr\u00f3 el pasado domingo, estudiantes y egresados de la Facultad de Ciencias Biol\u00f3gicas y Agropecuarias (FCBA)&#8230;<\/p>\n","protected":false},"author":2,"featured_media":26645,"comment_status":"open","ping_status":"open","sticky":false,"template":"","format":"standard","meta":{"footnotes":""},"categories":[14],"tags":[29,30,28],"class_list":["post-26644","post","type-post","status-publish","format-standard","has-post-thumbnail","hentry","category-educacion-y-cultura","tag-grid","tag-news","tag-slider"],"_links":{"self":[{"href":"http:\/\/elobservatorio.com.mx\/index.php?rest_route=\/wp\/v2\/posts\/26644"}],"collection":[{"href":"http:\/\/elobservatorio.com.mx\/index.php?rest_route=\/wp\/v2\/posts"}],"about":[{"href":"http:\/\/elobservatorio.com.mx\/index.php?rest_route=\/wp\/v2\/types\/post"}],"author":[{"embeddable":true,"href":"http:\/\/elobservatorio.com.mx\/index.php?rest_route=\/wp\/v2\/users\/2"}],"replies":[{"embeddable":true,"href":"http:\/\/elobservatorio.com.mx\/index.php?rest_route=%2Fwp%2Fv2%2Fcomments&post=26644"}],"version-history":[{"count":0,"href":"http:\/\/elobservatorio.com.mx\/index.php?rest_route=\/wp\/v2\/posts\/26644\/revisions"}],"wp:featuredmedia":[{"embeddable":true,"href":"http:\/\/elobservatorio.com.mx\/index.php?rest_route=\/wp\/v2\/media\/26645"}],"wp:attachment":[{"href":"http:\/\/elobservatorio.com.mx\/index.php?rest_route=%2Fwp%2Fv2%2Fmedia&parent=26644"}],"wp:term":[{"taxonomy":"category","embeddable":true,"href":"http:\/\/elobservatorio.com.mx\/index.php?rest_route=%2Fwp%2Fv2%2Fcategories&post=26644"},{"taxonomy":"post_tag","embeddable":true,"href":"http:\/\/elobservatorio.com.mx\/index.php?rest_route=%2Fwp%2Fv2%2Ftags&post=26644"}],"curies":[{"name":"wp","href":"https:\/\/api.w.org\/{rel}","templated":true}]}}