{"id":26700,"date":"2023-05-02T19:12:44","date_gmt":"2023-05-03T01:12:44","guid":{"rendered":"http:\/\/elobservatorio.com.mx\/?p=26700"},"modified":"2023-05-02T19:12:44","modified_gmt":"2023-05-03T01:12:44","slug":"promovera-la-innovacion-el-primer-congreso-nacional-de-agricultura","status":"publish","type":"post","link":"http:\/\/elobservatorio.com.mx\/?p=26700","title":{"rendered":"Promover\u00e1 la innovaci\u00f3n el Primer Congreso Nacional de Agricultura"},"content":{"rendered":"<p><em>*Se realizar\u00e1 en La Petatera el 5 y 6 de mayo<\/em><\/p>\n<p>Villa de \u00c1lvarez, Col.- El Congreso Nacional de Agricultura que se realizar\u00e1 en Villa de \u00c1lvarez los d\u00edas 5 y 6 de mayo tiene como principal objetivo promover la innovaci\u00f3n, la competitividad y la sostenibilidad de la agricultura en M\u00e9xico, aseguraron sus organizadores.<\/p>\n<p>Para cumplir su objetivo primario, esta feria nacional de productores, empresas de cadenas alimentarias y proveedores contar\u00e1 con la presentaci\u00f3n de investigaciones y tecnolog\u00edas, la discusi\u00f3n de pol\u00edticas p\u00fablicas y la identificaci\u00f3n de oportunidades de negocio en el sector agr\u00edcola.<\/p>\n<p>Organizado por el Ayuntamiento de Villa de \u00c1lvarez y la empresa Evergreen Corporativo Colima, el Primer Congreso Nacional de Agricultura se realizar\u00e1 en La Plaza de Toros La Petatera, evento donde adem\u00e1s de exponer productos relacionados con la actividad agr\u00edcola, ofrecer\u00e1 conferencias en esa materia, en el \u00e1mbito fiscal y en el rubro de la comercializaci\u00f3n, entre otros temas.<\/p>\n<p>En el evento se prev\u00e9 la participaci\u00f3n de 50 empresas e instituciones, algunas de ellas del extranjero, proyect\u00e1ndose la asistencia de al menos mil 800 personas.<\/p>\n<p>Entre los temas que se abordar\u00e1n en el Congreso se encuentran la seguridad alimentaria, el uso eficiente de los recursos naturales, la tecnolog\u00eda aplicada a la agricultura, la cadena de valor agroalimentaria, la certificaci\u00f3n y calidad de productos agr\u00edcolas, entre otros.<\/p>\n","protected":false},"excerpt":{"rendered":"<p>*Se realizar\u00e1 en La Petatera el 5 y 6 de mayo Villa de \u00c1lvarez, Col.- El Congreso Nacional de Agricultura que se realizar\u00e1 en Villa de \u00c1lvarez los d\u00edas 5 y 6 de mayo tiene como principal objetivo promover la innovaci\u00f3n, la competitividad y la sostenibilidad de la agricultura en M\u00e9xico, aseguraron sus organizadores. Para&#8230;<\/p>\n","protected":false},"author":2,"featured_media":26701,"comment_status":"open","ping_status":"open","sticky":false,"template":"","format":"standard","meta":{"footnotes":""},"categories":[8,42],"tags":[29,30,28],"class_list":["post-26700","post","type-post","status-publish","format-standard","has-post-thumbnail","hentry","category-municipios","category-villa-de-alvarez","tag-grid","tag-news","tag-slider"],"_links":{"self":[{"href":"http:\/\/elobservatorio.com.mx\/index.php?rest_route=\/wp\/v2\/posts\/26700"}],"collection":[{"href":"http:\/\/elobservatorio.com.mx\/index.php?rest_route=\/wp\/v2\/posts"}],"about":[{"href":"http:\/\/elobservatorio.com.mx\/index.php?rest_route=\/wp\/v2\/types\/post"}],"author":[{"embeddable":true,"href":"http:\/\/elobservatorio.com.mx\/index.php?rest_route=\/wp\/v2\/users\/2"}],"replies":[{"embeddable":true,"href":"http:\/\/elobservatorio.com.mx\/index.php?rest_route=%2Fwp%2Fv2%2Fcomments&post=26700"}],"version-history":[{"count":0,"href":"http:\/\/elobservatorio.com.mx\/index.php?rest_route=\/wp\/v2\/posts\/26700\/revisions"}],"wp:featuredmedia":[{"embeddable":true,"href":"http:\/\/elobservatorio.com.mx\/index.php?rest_route=\/wp\/v2\/media\/26701"}],"wp:attachment":[{"href":"http:\/\/elobservatorio.com.mx\/index.php?rest_route=%2Fwp%2Fv2%2Fmedia&parent=26700"}],"wp:term":[{"taxonomy":"category","embeddable":true,"href":"http:\/\/elobservatorio.com.mx\/index.php?rest_route=%2Fwp%2Fv2%2Fcategories&post=26700"},{"taxonomy":"post_tag","embeddable":true,"href":"http:\/\/elobservatorio.com.mx\/index.php?rest_route=%2Fwp%2Fv2%2Ftags&post=26700"}],"curies":[{"name":"wp","href":"https:\/\/api.w.org\/{rel}","templated":true}]}}