{"id":26722,"date":"2023-05-03T16:01:28","date_gmt":"2023-05-03T22:01:28","guid":{"rendered":"http:\/\/elobservatorio.com.mx\/?p=26722"},"modified":"2023-05-03T16:02:11","modified_gmt":"2023-05-03T22:02:11","slug":"cumplira-un-ano-gestion-ante-la-gobernadora-un-nuevo-centro-de-salud-en-madrid-solo-pintaron-algunas-bardas","status":"publish","type":"post","link":"http:\/\/elobservatorio.com.mx\/?p=26722","title":{"rendered":"Cumplir\u00e1 un a\u00f1o de gesti\u00f3n ante la gobernadora nuevo centro de salud en Madrid; s\u00f3lo pintaron algunas bardas"},"content":{"rendered":"<p><em>*El edificio que alberga el centro de salud de la comunidad ya no est\u00e1 en condiciones de operar, requiere de una obra nueva, dice Mario Ram\u00edrez de la Mora, habitante de la comunidad.<\/em><\/p>\n<p><em>Tecom\u00e1n Col<\/em>.- <strong>Mario Ram\u00edrez de la Mora<\/strong>, habitante de la comunidad de Madrid, manifest\u00f3 que hay muchas necesidades y problematicas en la comunidad que requieren de atenci\u00f3n y respuesta inmediata, una de ellas es en el sector salud en donde hay abandono por parte de las autoridades estatales y federales.<\/p>\n<p>De las necesidades, dijo,\u00a0 se desprende la construcci\u00f3n de un nuevo centro de salud ya que el actual no est\u00e1 en condiciones de seguir operando y se requiere de un edificio nuevo.<\/p>\n<p>\u00abcomo presidente del comit\u00e9 salud en la comunidad le hicimos la gesti\u00f3n a\u00a0 la gobernadora, la cual mand\u00f3 oficios de que se iba a atender o gestionar los recursos ante\u00a0 la Secretar\u00eda de hacienda, para esto ya va para un a\u00f1o de que se hizo dicha gesti\u00f3n y hasta el momento no ha habido respuesta\u00bb.<\/p>\n<p>Por lo anterior, agreg\u00f3, esperamos que la se\u00f1ora\u00a0 gobernadora atienda esta necesidad, ya que nada m\u00e1s\u00a0 fueron y le hicieron una remodelaci\u00f3n ah\u00ed..,le pintaron y eso no es lo que la comunidad requiere, se requiere de un edificio nuevo, ya no es funcional el que est\u00e1 actualmente, hay suficiente espacio, se tienen escrituras y todo para que no haya ning\u00fan problema o que por falta de dicho documento sea un impedimento su posible construcci\u00f3n\u00bb.<\/p>\n<p>El tambi\u00e9n ex presidente de la H. Junta municipal de la comunidad, mencion\u00f3 que otra\u00a0 necesidad es de una ambulancia ya que la unidad que se tiene que fue fue gracias a su gesti\u00f3n como presidente de la Junta, es s\u00f3lo un veh\u00edculo de traslado y no est\u00e1 equipada como ambulancia.<\/p>\n<p>\u00abLa ambulancia es muy necesaria tambi\u00e9n porque estamos a m\u00e1s de 20 kilometros del hospital en Tecom\u00e1n y en ocasiones han fallecido pacientes en el traslado por no tener una unidad equipada\u00bb.<\/p>\n<p>En cuesti\u00f3n de medicamentos, coment\u00f3 , tambi\u00e9n hay carencias, una ocasi\u00f3n se les hizo una gesti\u00f3n a los diputados,\u00a0 igual,\u00a0 fueron y llevaron una dotaci\u00f3n peque\u00f1a momentaneamente, pero eso no resuelve la situaci\u00f3n,\u00a0 tiene que haber abastecimiento, \u00abaunque ya vimos que por parte del gobierno federal, los diputados y senadores\u00a0 le dieron para atr\u00e1s al INSABI por no funcionar y van a iniciar otro,\u00a0 que esperemos que ya se mejore porque parece que est\u00e1n aprendiendo\u00bb.<\/p>\n<p>Respecto a la llegada al IMSS-Bienestar Colima del <strong>Dr. Armando de la Mora Morf\u00edn<\/strong>, quien tambi\u00e9n es habitante de Madrid, dijo, \u00ablo felicit\u00e9, es familiar m\u00edo,\u00a0 a lo mejor no caminamos por el mismo sendero pol\u00edtico,\u00a0 pero como ciudadano tengo el derecho a manifestarlo,\u00a0 sin colores, sin tintes pol\u00edticos, ojal\u00e1\u00a0 voltee a ver a Madrid, conoce muy bien la problem\u00e1tica del sector salud en la comunidad.<\/p>\n<p>\u00abActualmente los doctores hacen el mejor esfuerzo para dar la atenci\u00f3n,\u00a0 aunque a veces la gente exige m\u00e1s,\u00a0 pero cuando ellos de acuerdo a su capacidad y con lo que cuentan, brindan el servicio de manera eficiente. Confiamos en el Dr. de la Mora que har\u00e1 lo prudente y lo necesario para que esas dos necesidades antes mencionadas se cubran para beneficio de la comunidad\u00bb, finaliz\u00f3<\/p>\n","protected":false},"excerpt":{"rendered":"<p>*El edificio que alberga el centro de salud de la comunidad ya no est\u00e1 en condiciones de operar, requiere de una obra nueva, dice Mario Ram\u00edrez de la Mora, habitante de la comunidad. Tecom\u00e1n Col.- Mario Ram\u00edrez de la Mora, habitante de la comunidad de Madrid, manifest\u00f3 que hay muchas necesidades y problematicas en la&#8230;<\/p>\n","protected":false},"author":2,"featured_media":26723,"comment_status":"open","ping_status":"open","sticky":false,"template":"","format":"standard","meta":{"footnotes":""},"categories":[8,12,34],"tags":[29,30,28],"class_list":["post-26722","post","type-post","status-publish","format-standard","has-post-thumbnail","hentry","category-municipios","category-sociedad","category-tecoman","tag-grid","tag-news","tag-slider"],"_links":{"self":[{"href":"http:\/\/elobservatorio.com.mx\/index.php?rest_route=\/wp\/v2\/posts\/26722"}],"collection":[{"href":"http:\/\/elobservatorio.com.mx\/index.php?rest_route=\/wp\/v2\/posts"}],"about":[{"href":"http:\/\/elobservatorio.com.mx\/index.php?rest_route=\/wp\/v2\/types\/post"}],"author":[{"embeddable":true,"href":"http:\/\/elobservatorio.com.mx\/index.php?rest_route=\/wp\/v2\/users\/2"}],"replies":[{"embeddable":true,"href":"http:\/\/elobservatorio.com.mx\/index.php?rest_route=%2Fwp%2Fv2%2Fcomments&post=26722"}],"version-history":[{"count":0,"href":"http:\/\/elobservatorio.com.mx\/index.php?rest_route=\/wp\/v2\/posts\/26722\/revisions"}],"wp:featuredmedia":[{"embeddable":true,"href":"http:\/\/elobservatorio.com.mx\/index.php?rest_route=\/wp\/v2\/media\/26723"}],"wp:attachment":[{"href":"http:\/\/elobservatorio.com.mx\/index.php?rest_route=%2Fwp%2Fv2%2Fmedia&parent=26722"}],"wp:term":[{"taxonomy":"category","embeddable":true,"href":"http:\/\/elobservatorio.com.mx\/index.php?rest_route=%2Fwp%2Fv2%2Fcategories&post=26722"},{"taxonomy":"post_tag","embeddable":true,"href":"http:\/\/elobservatorio.com.mx\/index.php?rest_route=%2Fwp%2Fv2%2Ftags&post=26722"}],"curies":[{"name":"wp","href":"https:\/\/api.w.org\/{rel}","templated":true}]}}