{"id":26726,"date":"2023-05-03T21:35:01","date_gmt":"2023-05-04T03:35:01","guid":{"rendered":"http:\/\/elobservatorio.com.mx\/?p=26726"},"modified":"2023-05-03T21:35:01","modified_gmt":"2023-05-04T03:35:01","slug":"este-17-de-mayo-inicia-la-feria-del-libro-altexto-2023","status":"publish","type":"post","link":"http:\/\/elobservatorio.com.mx\/?p=26726","title":{"rendered":"Este 17 de mayo inicia la Feria del Libro Altexto 2023"},"content":{"rendered":"<p><em>*\u201cSi bien los formatos de lectura han cambiado, eso no significa que no se pueda leer de manera recurrente; hay que fomentar el h\u00e1bito de la lectura, es fundamental para que aspiremos a tener una sociedad diferente\u201d: Christian Torres Ortiz.<\/em><\/p>\n<p>Del 17 al 26 de mayo, la Feria del Libro Altexto Universidad de Colima celebrar\u00e1 25 a\u00f1os de profesionalizar la edici\u00f3n, comercializaci\u00f3n y distribuci\u00f3n de libros generados por las universidades del pa\u00eds con diversas actividades l\u00fadicas y culturales, entre las que destacan la presencia de los escritores Alberto Chimal y Alberto Ruy S\u00e1nchez y del poeta Ricardo Castillo.<\/p>\n<p>En esta edici\u00f3n de la Feria del Libro Altexto 2023 participar\u00e1n 55 editoriales, 28 universitarias y 27 comerciales. Ser\u00e1, como cada a\u00f1o, un evento abierto a todo p\u00fablico con horarios de 9 de la ma\u00f1ana a 6 de la tarde, de manera permanente, en la explanada de la Facultad de Contabilidad y Administraci\u00f3n de la UdeC, campus central, adem\u00e1s de tener presencia en todos los campus de la casa de estudios.<\/p>\n<p>As\u00ed lo anunci\u00f3 la ma\u00f1ana de este mi\u00e9rcoles Christian Jorge Torres Ortiz Zerme\u00f1o, rector de la Universidad de Colima, en rueda de prensa realizada en la librer\u00eda universitaria Coraz\u00f3n en casa, inaugurada hace unos d\u00edas.<\/p>\n<p>En su intervenci\u00f3n, el rector adelant\u00f3 algunos eventos que se realizar\u00e1n durante esta Feria del Libro. El 17 de mayo, dijo, Altexto iniciar\u00e1 con la entrega del reconocimiento de maestro distinguido a la artista Ana Rosa Garc\u00eda Mayorga y al poeta Ricardo Castillo, \u201cpor su relaci\u00f3n con nuestra instituci\u00f3n y su amplia trayectoria en la promoci\u00f3n y difusi\u00f3n de la cultura y la literatura\u201d. Esto ser\u00e1 a las 10:30 horas en el Paraninfo Universitario.<\/p>\n<p>De igual forma, resalt\u00f3 el concurso de Lectura en Voz Alta y la participaci\u00f3n de Alberto Chimal, narrador, dramaturgo y ensayista mexicano, as\u00ed como una actividad que han llamado Ciencia sobre la mesa, donde las y los cient\u00edficos de la Universidad interact\u00faan con j\u00f3venes y divulgan sus proyectos de investigaci\u00f3n.<\/p>\n<p>Uno de los eventos estelares es la entrega del Premio Narrativa Colima 2022 por obra publicada al escritor Alberto Ruy S\u00e1nchez por su novela \u201cEl expediente Anna Ajm\u00e1tova\u201d.<\/p>\n<p>Finalmente, el rector dijo que es importante fomentar la lectura en ni\u00f1os y ni\u00f1as y que la nueva librer\u00eda, Coraz\u00f3n en casa, cuenta con un espacio dedicado a ellos y ellas; \u201csi bien los formatos de lectura han cambiado, eso no significa que no se pueda leer de manera recurrente; hay que fomentar el h\u00e1bito de la lectura, es fundamental para que aspiremos a tener una sociedad diferente\u201d.<\/p>\n<p>Ana Lilia Moreno Osegueda, directora general de Servicios Universitarios, coment\u00f3 que \u201cpara celebrar estos primeros 25 a\u00f1os estructuramos un programa para nuestra sociedad y comunidad universitaria, con 55 editoriales que estar\u00e1n participando, con m\u00e1s de 8 mil 500 libros y 2 mil 500 t\u00edtulos, que ser\u00e1n exhibidos en la explanada de la Facultad de Contabilidad y Administraci\u00f3n de Colima y en las delegaciones de la instituci\u00f3n, con la participaci\u00f3n itinerante de eventos art\u00edsticos\u201d.<\/p>\n<p>Coment\u00f3 adem\u00e1s que el jueves 18 la feria se trasladar\u00e1 al campus norte, el viernes 19 al campus manzanillo, el lunes 22 al campus Coquimatl\u00e1n, el mi\u00e9rcoles 24 al campus Tecom\u00e1n y el viernes 26 al de Villa de \u00c1lvarez. Como ya es tradici\u00f3n, este a\u00f1o tambi\u00e9n se llevar\u00e1 a cabo el sembrado de libros en todos los campus.<\/p>\n<p>Por su parte, Ana Karina Robles G\u00f3mez, directora general de Publicaciones, destac\u00f3 la participaci\u00f3n de todos los bachilleratos y facultades de la Universidad de Colima, quienes realizar\u00e1n actividades l\u00fadicas y festivas alusivas a los 25 a\u00f1os de la Feria del Libro Altexto; \u201cadem\u00e1s, se llevar\u00e1n a cabo talleres, las convocatorias de lectura en voz alta y el concurso de micro relato\u201d.<\/p>\n<p>A esta fiesta, agreg\u00f3 Karina Robles, se suma la Direcci\u00f3n General de Difusi\u00f3n Cultural con un programa inspirado en la literatura. Para concluir, dijo que en esta ocasi\u00f3n la Feria del Libro tambi\u00e9n se realizar\u00e1 en el Museo Regional de Historia, en el Museo de Fernando del Paso, en la Pinacoteca Universitaria, en el Cine Universitario y en el Centro Cultural Nogueras.<\/p>\n<p>Durante la rueda de prensa, el rector felicit\u00f3 a las y los reporteros all\u00ed reunidos por el D\u00eda Estatal del Periodista; \u201cdesde la Universidad tenemos clara la importancia de la libertad de expresi\u00f3n; siempre la apoyaremos porque consideramos que es fundamental para el desarrollo social de Colima, M\u00e9xico y el mundo\u201d.<\/p>\n","protected":false},"excerpt":{"rendered":"<p>*\u201cSi bien los formatos de lectura han cambiado, eso no significa que no se pueda leer de manera recurrente; hay que fomentar el h\u00e1bito de la lectura, es fundamental para que aspiremos a tener una sociedad diferente\u201d: Christian Torres Ortiz. Del 17 al 26 de mayo, la Feria del Libro Altexto Universidad de Colima celebrar\u00e1&#8230;<\/p>\n","protected":false},"author":2,"featured_media":26727,"comment_status":"open","ping_status":"open","sticky":false,"template":"","format":"standard","meta":{"footnotes":""},"categories":[14],"tags":[29,30,28],"class_list":["post-26726","post","type-post","status-publish","format-standard","has-post-thumbnail","hentry","category-educacion-y-cultura","tag-grid","tag-news","tag-slider"],"_links":{"self":[{"href":"http:\/\/elobservatorio.com.mx\/index.php?rest_route=\/wp\/v2\/posts\/26726"}],"collection":[{"href":"http:\/\/elobservatorio.com.mx\/index.php?rest_route=\/wp\/v2\/posts"}],"about":[{"href":"http:\/\/elobservatorio.com.mx\/index.php?rest_route=\/wp\/v2\/types\/post"}],"author":[{"embeddable":true,"href":"http:\/\/elobservatorio.com.mx\/index.php?rest_route=\/wp\/v2\/users\/2"}],"replies":[{"embeddable":true,"href":"http:\/\/elobservatorio.com.mx\/index.php?rest_route=%2Fwp%2Fv2%2Fcomments&post=26726"}],"version-history":[{"count":0,"href":"http:\/\/elobservatorio.com.mx\/index.php?rest_route=\/wp\/v2\/posts\/26726\/revisions"}],"wp:featuredmedia":[{"embeddable":true,"href":"http:\/\/elobservatorio.com.mx\/index.php?rest_route=\/wp\/v2\/media\/26727"}],"wp:attachment":[{"href":"http:\/\/elobservatorio.com.mx\/index.php?rest_route=%2Fwp%2Fv2%2Fmedia&parent=26726"}],"wp:term":[{"taxonomy":"category","embeddable":true,"href":"http:\/\/elobservatorio.com.mx\/index.php?rest_route=%2Fwp%2Fv2%2Fcategories&post=26726"},{"taxonomy":"post_tag","embeddable":true,"href":"http:\/\/elobservatorio.com.mx\/index.php?rest_route=%2Fwp%2Fv2%2Ftags&post=26726"}],"curies":[{"name":"wp","href":"https:\/\/api.w.org\/{rel}","templated":true}]}}