{"id":26729,"date":"2023-05-03T21:57:36","date_gmt":"2023-05-04T03:57:36","guid":{"rendered":"http:\/\/elobservatorio.com.mx\/?p=26729"},"modified":"2023-05-03T21:57:36","modified_gmt":"2023-05-04T03:57:36","slug":"se-integra-udec-a-la-red-nacional-de-escuelas-e-instituciones-de-proteccion-civil","status":"publish","type":"post","link":"http:\/\/elobservatorio.com.mx\/?p=26729","title":{"rendered":"Se integra UdeC a la Red Nacional de Escuelas e Instituciones de Protecci\u00f3n Civil"},"content":{"rendered":"<p><em>*Al evento, realizado en la Ciudad de M\u00e9xico, asisti\u00f3 Joel Nino, Secretario General de la Universidad de Colima, en representaci\u00f3n del rector Christian Jorge Torres Ortiz Zerme\u00f1o, quien firmar\u00e1 el convenio.<\/em><\/p>\n<p>Representantes de universidades, organizaciones civiles y coordinaciones estatales de Proteccio\u0301n Civil firmaron este jueves un convenio con el Centro Nacional de Prevencio\u0301n de Desastres (Cenapred), para crear la Red Nacional de Escuelas e Instituciones para la Capacitacio\u0301n, Certificacio\u0301n y Profesionalizacio\u0301n en Proteccio\u0301n Civil y Gestio\u0301n Integral del Riesgo.<\/p>\n<p>Esta Red funcionar\u00e1 como un espacio interinstitucional de cooperaci\u00f3n t\u00e9cnica, acad\u00e9mica y de investigaci\u00f3n, adem\u00e1s de contribuir a la formaci\u00f3n de personas en las materias de Protecci\u00f3n Civil y Gesti\u00f3n Integral del Riesgo.<\/p>\n<p>Al evento, realizado en la Ciudad de M\u00e9xico, asisti\u00f3 Joel Nino, Secretario General de la Universidad de Colima, en representaci\u00f3n del rector Christian Jorge Torres Ortiz Zerme\u00f1o, quien firmar\u00e1 el convenio.<\/p>\n<p>Durante la firma se conto\u0301 con la participacio\u0301n de los titulares de la Unidad de Administracio\u0301n y Finanzas, Manuel de Jesu\u0301s Luja\u0301n y de la Unidad de Asuntos Juri\u0301dicos y Transparencia, Federico Hidalgo Huchim, en representacio\u0301n de la secretaria de Seguridad y Proteccio\u0301n Ciudadana, Rosa Icela Rodri\u0301guez.<\/p>\n<p>De acuerdo con el bolet\u00edn generado por la Secretar\u00eda de Seguridad y Protecci\u00f3n Ciudadana, este proyecto representa una medida estrate\u0301gica para el fortalecimiento de capacidades y la creacio\u0301n de cuadros te\u0301cnicos capacitados en diversos aspectos de la gestio\u0301n integral del riesgo de desastres.<\/p>\n<p>El director general del Cenapred, Enrique Guevara Ortiz, informo\u0301 que la Red sera\u0301 operada por la Escuela Nacional de Proteccio\u0301n Civil (Enaproc).<\/p>\n<p>Guevara Ortiz agreg\u00f3 que \u201cpara reducir el riesgo de desastres resulta necesario sumar esfuerzos, no so\u0301lo desde el a\u0301mbito gubernamental, sino con los sectores acade\u0301micos y sociales que comparten los ideales y valores del desarrollo sostenible\u201d.<\/p>\n<p>La educaci\u00f3n, concluy\u00f3, \u201ces una de las herramientas ma\u0301s poderosas que tenemos para mejorar el futuro y construir una sociedad ma\u0301s justa, equitativa e incluyente\u201d.<\/p>\n<p>Dentro de los objetivos de la Red, primera en su tipo, se incluye capacitar y certificar al personal de Proteccio\u0301n Civil de los tres o\u0301rdenes de gobierno, homologar la oferta educativa con contenidos de alto valor te\u0301cnico, generar espacios de ana\u0301lisis y ofrecer a la brevedad la maestri\u0301a en Gestio\u0301n del Riesgo y Proteccio\u0301n Civil, que se encuentra en disen\u0303o por parte de la Enaproc.<\/p>\n<p>En el convenio participan 31 universidades, 11 organizaciones de la sociedad civil y coordinaciones estatales de Proteccio\u0301n Civil de 21 estados, por el momento.<\/p>\n<p>&nbsp;<\/p>\n","protected":false},"excerpt":{"rendered":"<p>*Al evento, realizado en la Ciudad de M\u00e9xico, asisti\u00f3 Joel Nino, Secretario General de la Universidad de Colima, en representaci\u00f3n del rector Christian Jorge Torres Ortiz Zerme\u00f1o, quien firmar\u00e1 el convenio. Representantes de universidades, organizaciones civiles y coordinaciones estatales de Proteccio\u0301n Civil firmaron este jueves un convenio con el Centro Nacional de Prevencio\u0301n de Desastres&#8230;<\/p>\n","protected":false},"author":2,"featured_media":26730,"comment_status":"open","ping_status":"open","sticky":false,"template":"","format":"standard","meta":{"footnotes":""},"categories":[14],"tags":[29,30,28],"class_list":["post-26729","post","type-post","status-publish","format-standard","has-post-thumbnail","hentry","category-educacion-y-cultura","tag-grid","tag-news","tag-slider"],"_links":{"self":[{"href":"http:\/\/elobservatorio.com.mx\/index.php?rest_route=\/wp\/v2\/posts\/26729"}],"collection":[{"href":"http:\/\/elobservatorio.com.mx\/index.php?rest_route=\/wp\/v2\/posts"}],"about":[{"href":"http:\/\/elobservatorio.com.mx\/index.php?rest_route=\/wp\/v2\/types\/post"}],"author":[{"embeddable":true,"href":"http:\/\/elobservatorio.com.mx\/index.php?rest_route=\/wp\/v2\/users\/2"}],"replies":[{"embeddable":true,"href":"http:\/\/elobservatorio.com.mx\/index.php?rest_route=%2Fwp%2Fv2%2Fcomments&post=26729"}],"version-history":[{"count":0,"href":"http:\/\/elobservatorio.com.mx\/index.php?rest_route=\/wp\/v2\/posts\/26729\/revisions"}],"wp:featuredmedia":[{"embeddable":true,"href":"http:\/\/elobservatorio.com.mx\/index.php?rest_route=\/wp\/v2\/media\/26730"}],"wp:attachment":[{"href":"http:\/\/elobservatorio.com.mx\/index.php?rest_route=%2Fwp%2Fv2%2Fmedia&parent=26729"}],"wp:term":[{"taxonomy":"category","embeddable":true,"href":"http:\/\/elobservatorio.com.mx\/index.php?rest_route=%2Fwp%2Fv2%2Fcategories&post=26729"},{"taxonomy":"post_tag","embeddable":true,"href":"http:\/\/elobservatorio.com.mx\/index.php?rest_route=%2Fwp%2Fv2%2Ftags&post=26729"}],"curies":[{"name":"wp","href":"https:\/\/api.w.org\/{rel}","templated":true}]}}