{"id":26756,"date":"2023-05-08T14:17:34","date_gmt":"2023-05-08T20:17:34","guid":{"rendered":"http:\/\/elobservatorio.com.mx\/?p=26756"},"modified":"2023-05-08T14:17:34","modified_gmt":"2023-05-08T20:17:34","slug":"disfrutan-jovenes-del-festival-del-dj-en-las-fiestas-de-mayo","status":"publish","type":"post","link":"http:\/\/elobservatorio.com.mx\/?p=26756","title":{"rendered":"Disfrutan j\u00f3venes del Festival del DJ en Las Fiestas de Mayo"},"content":{"rendered":"<p>P\u00fablico, principalmente joven, se dio cita en el escenario de las Fiestas de Mayo, para disfrutar de una noche inolvidable de m\u00fasica electr\u00f3nica a cargo de 3 DJS de renombre nacional, quienes, con sus mezclas y variados ritmos, lograron poner a bailar a la concurrida asistencia.<\/p>\n<p>El primero en el escenario fue el DJ Edgar de la Cruz, proveniente de Puebla. La m\u00fasica de su repertorio recorri\u00f3 \u00e9pocas doradas de la m\u00fasica disco y pop, evocando buenos momentos de generaciones anteriores.<\/p>\n<p>Debido al \u00e9xito que tuvo en el Festival del Mar, el DJ Charlie Atom regres\u00f3 a refrendar su fuerte conexi\u00f3n con el p\u00fablico manzanillense y logr\u00f3 cautivar a la audiencia con la energ\u00eda y vivacidad de sus mezclas.<\/p>\n<p>Karina Rosse, exitosa Dj y productora de su m\u00fasica, fue la encargada de cerrar con broche de oro este festival de DJS. Esta talentosa joven dej\u00f3 claro por qu\u00e9 es una de las mejores del pa\u00eds en las tornamesas tocando g\u00e9neros como: psycho, edm y progressive house.<\/p>\n<p>El p\u00fablico juvenil disfrut\u00f3 al m\u00e1ximo este magno evento, que el Ayuntamiento de Manzanillo organiz\u00f3 a trav\u00e9s de la Direcci\u00f3n de Ferias, Eventos y Exposiciones y lo ofreci\u00f3 de forma gratuita en estas Fiestas de Mayo en su edici\u00f3n 2023.<\/p>\n<p>Hoy lunes 8 de mayo, se ofrece un variado espect\u00e1culo art\u00edstico a cargo de: La Secundaria de Talentos, Academia de Artes; Cid Dance Studio y Sonata Academia De M\u00fasica y Artes.<\/p>\n","protected":false},"excerpt":{"rendered":"<p>P\u00fablico, principalmente joven, se dio cita en el escenario de las Fiestas de Mayo, para disfrutar de una noche inolvidable de m\u00fasica electr\u00f3nica a cargo de 3 DJS de renombre nacional, quienes, con sus mezclas y variados ritmos, lograron poner a bailar a la concurrida asistencia. El primero en el escenario fue el DJ Edgar&#8230;<\/p>\n","protected":false},"author":2,"featured_media":26757,"comment_status":"open","ping_status":"open","sticky":false,"template":"","format":"standard","meta":{"footnotes":""},"categories":[35,8],"tags":[29,30,28],"class_list":["post-26756","post","type-post","status-publish","format-standard","has-post-thumbnail","hentry","category-manzanillo","category-municipios","tag-grid","tag-news","tag-slider"],"_links":{"self":[{"href":"http:\/\/elobservatorio.com.mx\/index.php?rest_route=\/wp\/v2\/posts\/26756"}],"collection":[{"href":"http:\/\/elobservatorio.com.mx\/index.php?rest_route=\/wp\/v2\/posts"}],"about":[{"href":"http:\/\/elobservatorio.com.mx\/index.php?rest_route=\/wp\/v2\/types\/post"}],"author":[{"embeddable":true,"href":"http:\/\/elobservatorio.com.mx\/index.php?rest_route=\/wp\/v2\/users\/2"}],"replies":[{"embeddable":true,"href":"http:\/\/elobservatorio.com.mx\/index.php?rest_route=%2Fwp%2Fv2%2Fcomments&post=26756"}],"version-history":[{"count":0,"href":"http:\/\/elobservatorio.com.mx\/index.php?rest_route=\/wp\/v2\/posts\/26756\/revisions"}],"wp:featuredmedia":[{"embeddable":true,"href":"http:\/\/elobservatorio.com.mx\/index.php?rest_route=\/wp\/v2\/media\/26757"}],"wp:attachment":[{"href":"http:\/\/elobservatorio.com.mx\/index.php?rest_route=%2Fwp%2Fv2%2Fmedia&parent=26756"}],"wp:term":[{"taxonomy":"category","embeddable":true,"href":"http:\/\/elobservatorio.com.mx\/index.php?rest_route=%2Fwp%2Fv2%2Fcategories&post=26756"},{"taxonomy":"post_tag","embeddable":true,"href":"http:\/\/elobservatorio.com.mx\/index.php?rest_route=%2Fwp%2Fv2%2Ftags&post=26756"}],"curies":[{"name":"wp","href":"https:\/\/api.w.org\/{rel}","templated":true}]}}