{"id":26817,"date":"2023-05-09T16:24:04","date_gmt":"2023-05-09T22:24:04","guid":{"rendered":"http:\/\/elobservatorio.com.mx\/?p=26817"},"modified":"2023-05-09T16:24:04","modified_gmt":"2023-05-09T22:24:04","slug":"preside-gaby-mejia-concurso-estatal-de-escoltas-de-la-dgeti","status":"publish","type":"post","link":"http:\/\/elobservatorio.com.mx\/?p=26817","title":{"rendered":"Preside Gaby Mej\u00eda concurso estatal de escoltas de la DGETI"},"content":{"rendered":"<p><em>*Destaca la alcaldesa el impulso a los valores patri\u00f3ticos entre la ni\u00f1ez y la juventud.<\/em><\/p>\n<p>Cuauht\u00e9moc fue sede del IV Encuentro Estatal C\u00edvico DGETI 2023, donde result\u00f3 ganador del concurso de escoltas el del CBTIS 19 de Colima, quedando en segundo lugar el CETis 84 de Manzanillo y el tercer lugar lo obtuvo el CBTIS 157 de Villa de \u00c1lvarez.<\/p>\n<p>Al inaugurar el evento, la presidenta municipal, Gabriela Mej\u00eda Mart\u00ednez, felicit\u00f3 a las y los alumnos, al personal directivo y docente de las escuelas participantes y a la DGETI en la entidad, por impulsar estas actividades de gran importancia en la educaci\u00f3n y que mantienen vivos los valores patri\u00f3ticos en la juventud.<\/p>\n<p>Dijo estar convencida que el impulso de la participaci\u00f3n de escoltas y bandas de guerra, es parte de la formaci\u00f3n c\u00edvica de las nuevas generaciones y coadyuva en la generaci\u00f3n de una identidad ciudadana que va m\u00e1s all\u00e1 del \u00e1mbito educativo y se queda como una forma de vida.<\/p>\n<p>En su intervenci\u00f3n, Jos\u00e9 Luis Zepeda L\u00f3pez, comisionado de la DGETI en la entidad, coincidi\u00f3 en la importancia de conmemorar el patriotismo como mexicanos y fomentar el amor a la patria, entendido como el buen comportamiento de los ciudadanos en las instituciones, en el n\u00facleo familiar y en la sociedad, por ello felicit\u00f3 a las y los participantes y los exhort\u00f3 a seguir por el mismo camino.<\/p>\n<p>Por su parte Arturo Michel Monroy, director del CETis 157, plantel anfitri\u00f3n del concurso, destac\u00f3 el que a nivel nacional se venga fomentando la inclusi\u00f3n de estas competencias entre las escuelas, porque se avanza en la oferta de una educaci\u00f3n integral y se fortalecen los valores c\u00edvicos como mexicanos.<\/p>\n<p>Cabe mencionar que en este evento participaron el CBTIS 19 de Colima, CBTIS 157 de Villa de \u00c1lvarez, CBTIS 285 de Tecom\u00e1n, CETis 84 de Manzanillo y CETis 157 de Cuauht\u00e9moc.<\/p>\n","protected":false},"excerpt":{"rendered":"<p>*Destaca la alcaldesa el impulso a los valores patri\u00f3ticos entre la ni\u00f1ez y la juventud. Cuauht\u00e9moc fue sede del IV Encuentro Estatal C\u00edvico DGETI 2023, donde result\u00f3 ganador del concurso de escoltas el del CBTIS 19 de Colima, quedando en segundo lugar el CETis 84 de Manzanillo y el tercer lugar lo obtuvo el CBTIS&#8230;<\/p>\n","protected":false},"author":2,"featured_media":26818,"comment_status":"open","ping_status":"open","sticky":false,"template":"","format":"standard","meta":{"footnotes":""},"categories":[40,8],"tags":[29,30,28],"class_list":["post-26817","post","type-post","status-publish","format-standard","has-post-thumbnail","hentry","category-cuauhtemoc","category-municipios","tag-grid","tag-news","tag-slider"],"_links":{"self":[{"href":"http:\/\/elobservatorio.com.mx\/index.php?rest_route=\/wp\/v2\/posts\/26817"}],"collection":[{"href":"http:\/\/elobservatorio.com.mx\/index.php?rest_route=\/wp\/v2\/posts"}],"about":[{"href":"http:\/\/elobservatorio.com.mx\/index.php?rest_route=\/wp\/v2\/types\/post"}],"author":[{"embeddable":true,"href":"http:\/\/elobservatorio.com.mx\/index.php?rest_route=\/wp\/v2\/users\/2"}],"replies":[{"embeddable":true,"href":"http:\/\/elobservatorio.com.mx\/index.php?rest_route=%2Fwp%2Fv2%2Fcomments&post=26817"}],"version-history":[{"count":0,"href":"http:\/\/elobservatorio.com.mx\/index.php?rest_route=\/wp\/v2\/posts\/26817\/revisions"}],"wp:featuredmedia":[{"embeddable":true,"href":"http:\/\/elobservatorio.com.mx\/index.php?rest_route=\/wp\/v2\/media\/26818"}],"wp:attachment":[{"href":"http:\/\/elobservatorio.com.mx\/index.php?rest_route=%2Fwp%2Fv2%2Fmedia&parent=26817"}],"wp:term":[{"taxonomy":"category","embeddable":true,"href":"http:\/\/elobservatorio.com.mx\/index.php?rest_route=%2Fwp%2Fv2%2Fcategories&post=26817"},{"taxonomy":"post_tag","embeddable":true,"href":"http:\/\/elobservatorio.com.mx\/index.php?rest_route=%2Fwp%2Fv2%2Ftags&post=26817"}],"curies":[{"name":"wp","href":"https:\/\/api.w.org\/{rel}","templated":true}]}}