{"id":26890,"date":"2023-05-16T08:09:08","date_gmt":"2023-05-16T14:09:08","guid":{"rendered":"http:\/\/elobservatorio.com.mx\/?p=26890"},"modified":"2023-05-16T08:09:08","modified_gmt":"2023-05-16T14:09:08","slug":"por-primera-vez-onu-invita-a-municipio-de-colima-a-conmemorar-dia-internacional-de-la-familia","status":"publish","type":"post","link":"http:\/\/elobservatorio.com.mx\/?p=26890","title":{"rendered":"Por primera vez, ONU invita a municipio de Colima a conmemorar D\u00eda Internacional de la Familia\u00a0"},"content":{"rendered":"<div dir=\"auto\"><em>*Margarita Moreno sostuvo un encuentro con Renata Kaczmarska, Oficial de Asuntos Sociales y Coordinadora de la Familia ONU.<\/em><\/div>\n<div dir=\"auto\"><\/div>\n<div dir=\"auto\">La presidenta municipal de Colima, Margarita Moreno, comparti\u00f3 la experiencia de programas como Talacheando Contigo, Mujeres Trabajando, Colima Brilla y Jard\u00edn que Mereces, lo anterior en la sede de la ONU, en Nueva York.<\/div>\n<div dir=\"auto\"><\/div>\n<div dir=\"auto\">Al respecto, Margarita Moreno destac\u00f3 que es la primera vez que el municipio de Colima participa en este encuentro en que regularmente son invitados pa\u00edses, pero que en esta ocasi\u00f3n fueron incluidos alcaldes y alcaldesas, en la sede de las Naciones Unidas, en Nueva York.<\/div>\n<div dir=\"auto\"><\/div>\n<div dir=\"auto\">Margarita Moreno comparti\u00f3 experiencias exitosas de pol\u00edticas a favor de las familias, junto con los alcaldes Daniel Carrillo Mart\u00ednez, de San Nicol\u00e1s de las Garzas; Francisco Galindo Ceballos, de San Luis Potos\u00ed; Valeria Alfaro Garc\u00eda, presidenta del Sistema Integral para la Familia de Irapuato; y Pedro Rodr\u00edguez Villegas, de Atizap\u00e1n Zaragoza, quienes forman parte de la Asociaci\u00f3n de Ciudades Capitales de M\u00e9xico (ACCM).<\/div>\n<div dir=\"auto\"><\/div>\n<div dir=\"auto\">En ese sentido, inform\u00f3 que el Ayuntamiento de Colima sostuvo un encuentro con Renata Kaczmarska, Oficial de Asuntos Sociales y Coordinadora de la Familia ONU.<\/div>\n<div dir=\"auto\"><\/div>\n<div dir=\"auto\">Esta reuni\u00f3n se dio en el marco del D\u00eda internacional de la familia, declarado el 15 de mayo por la Asamblea General de las Naciones Unidas, y como cumplimiento a la Declaraci\u00f3n de Venecia de \u201clograr que las ciudades y los asentamientos humanos sean inclusivos, seguros, resilientes y sostenibles\u201d, de la cual el Ayuntamiento de Colima es parte.<\/div>\n<div dir=\"auto\"><\/div>\n<div dir=\"auto\">Margarita Moreno tambi\u00e9n sostuvo una reuni\u00f3n con Juan Antonio Baljarg, director general del Instituto de An\u00e1lisis de Pol\u00edtica Familiar, cuyo objetivo de fue compartir experiencias de pol\u00edticas p\u00fablicas orientadas a la familia que contribuyen a la construcci\u00f3n de Ciudades Familiarmente Sostenibles y al cumplimiento de los Objetivos de Desarrollo Sostenible.<\/div>\n<div dir=\"auto\"><\/div>\n<div dir=\"auto\">De igual forma, la presidenta Margarita Moreno particip\u00f3 en las conferencias \u201cEl impacto del cambio demogr\u00e1fico en las familias\u201d, \u00abNo dejar a nadie atr\u00e1s en un mundo que envejece: Conclusiones del Informe Social Mundial 2023 de la ONU\u00bb, \u00abEquidad y solidaridad intergeneracional: Buenas pr\u00e1cticas sobre el terreno\u00bb y \u00abDeclaraci\u00f3n de la sociedad civil para el AIF+30\u00bb.<\/div>\n<div dir=\"auto\"><\/div>\n","protected":false},"excerpt":{"rendered":"<p>*Margarita Moreno sostuvo un encuentro con Renata Kaczmarska, Oficial de Asuntos Sociales y Coordinadora de la Familia ONU. La presidenta municipal de Colima, Margarita Moreno, comparti\u00f3 la experiencia de programas como Talacheando Contigo, Mujeres Trabajando, Colima Brilla y Jard\u00edn que Mereces, lo anterior en la sede de la ONU, en Nueva York. Al respecto, Margarita&#8230;<\/p>\n","protected":false},"author":2,"featured_media":26891,"comment_status":"open","ping_status":"open","sticky":false,"template":"","format":"standard","meta":{"footnotes":""},"categories":[36,8],"tags":[29,30,28],"class_list":["post-26890","post","type-post","status-publish","format-standard","has-post-thumbnail","hentry","category-colima","category-municipios","tag-grid","tag-news","tag-slider"],"_links":{"self":[{"href":"http:\/\/elobservatorio.com.mx\/index.php?rest_route=\/wp\/v2\/posts\/26890"}],"collection":[{"href":"http:\/\/elobservatorio.com.mx\/index.php?rest_route=\/wp\/v2\/posts"}],"about":[{"href":"http:\/\/elobservatorio.com.mx\/index.php?rest_route=\/wp\/v2\/types\/post"}],"author":[{"embeddable":true,"href":"http:\/\/elobservatorio.com.mx\/index.php?rest_route=\/wp\/v2\/users\/2"}],"replies":[{"embeddable":true,"href":"http:\/\/elobservatorio.com.mx\/index.php?rest_route=%2Fwp%2Fv2%2Fcomments&post=26890"}],"version-history":[{"count":0,"href":"http:\/\/elobservatorio.com.mx\/index.php?rest_route=\/wp\/v2\/posts\/26890\/revisions"}],"wp:featuredmedia":[{"embeddable":true,"href":"http:\/\/elobservatorio.com.mx\/index.php?rest_route=\/wp\/v2\/media\/26891"}],"wp:attachment":[{"href":"http:\/\/elobservatorio.com.mx\/index.php?rest_route=%2Fwp%2Fv2%2Fmedia&parent=26890"}],"wp:term":[{"taxonomy":"category","embeddable":true,"href":"http:\/\/elobservatorio.com.mx\/index.php?rest_route=%2Fwp%2Fv2%2Fcategories&post=26890"},{"taxonomy":"post_tag","embeddable":true,"href":"http:\/\/elobservatorio.com.mx\/index.php?rest_route=%2Fwp%2Fv2%2Ftags&post=26890"}],"curies":[{"name":"wp","href":"https:\/\/api.w.org\/{rel}","templated":true}]}}