{"id":26989,"date":"2023-05-22T22:38:01","date_gmt":"2023-05-23T04:38:01","guid":{"rendered":"http:\/\/elobservatorio.com.mx\/?p=26989"},"modified":"2023-05-22T22:38:01","modified_gmt":"2023-05-23T04:38:01","slug":"sentencian-a-80-anos-de-prision-por-secuestro-expres-de-varias-personas-en-domicilio-del-ex-secretario-de-turismo","status":"publish","type":"post","link":"http:\/\/elobservatorio.com.mx\/?p=26989","title":{"rendered":"Sentencian a  80 a\u00f1os de prisi\u00f3n por secuestro expr\u00e9s de varias personas, en domicilio del ex secretario de turismo"},"content":{"rendered":"<p><em>*Por hechos ocurridos en 2019 en la colonia Las Palmas de esta ciudad de Colima<\/em><\/p>\n<p><em>*En octubre del 2022, se celebr\u00f3 la audiencia de juicio oral en la que se dict\u00f3 sentencia condenatoria contra Jes\u00fas Antonio \u201cN\u201d por lo sucedido<\/em><\/p>\n<p>Agentes del Ministerio P\u00fablico de esta Fiscal\u00eda General del Estado (FGE), lograron que el Supremo Tribunal de Justicia del Estado ratificara la sentencia condenatoria de 80 a\u00f1os de prisi\u00f3n para Jos\u00e9 Antonio \u201cN\u201d, luego de que la defensa del mismo la recurriera.<\/p>\n<p>Como es de recordar, en octubre de 2022 se celebr\u00f3 la audiencia de juicio oral en la que se desahogaron las suficientes pruebas para demostrar la responsabilidad penal del sentenciado por el delito de secuestro expr\u00e9s en agravio de varias personas.<\/p>\n<p>Dentro de los diez d\u00edas siguientes la defensa de Jos\u00e9 Antonio \u201cN\u201d interpuso un recurso de apelaci\u00f3n contra la sentencia mencionada ante el tribunal, por lo que el ministerio p\u00fablico de esta FGE contest\u00f3 los agravios para sustentar lo dicho por el tribunal de enjuiciamiento en la audiencia.<\/p>\n<p>Luego de un an\u00e1lisis a las pruebas desahogadas en la audiencia de juicio oral, la autoridad competente confirm\u00f3 la sentencia condenatoria consistente en 80 a\u00f1os de prisi\u00f3n, el pago de una multa, as\u00ed como de la reparaci\u00f3n del da\u00f1o.<\/p>\n<p>De esta forma, la Fiscal\u00eda demostr\u00f3 que en marzo del 2019, Jes\u00fas Antonio \u201cN\u201d en compa\u00f1\u00eda de coautores ingresaron al domicilio del ex Secretario de Turismo de la administraci\u00f3n de Ignacio Peralta, ubicado en la colonia Las Palmas, lugar en el que se encontraban todas las v\u00edctimas quienes fueron privadas de su libertad para despojarlas de sus pertenencias y donde una de ellas fue privada de la vida.<\/p>\n<p>Con estas acciones, la FGE ratifica su compromiso de mantener acciones firmes que garanticen la aplicaci\u00f3n de la ley.<\/p>\n<p>&nbsp;<\/p>\n","protected":false},"excerpt":{"rendered":"<p>*Por hechos ocurridos en 2019 en la colonia Las Palmas de esta ciudad de Colima *En octubre del 2022, se celebr\u00f3 la audiencia de juicio oral en la que se dict\u00f3 sentencia condenatoria contra Jes\u00fas Antonio \u201cN\u201d por lo sucedido Agentes del Ministerio P\u00fablico de esta Fiscal\u00eda General del Estado (FGE), lograron que el Supremo&#8230;<\/p>\n","protected":false},"author":2,"featured_media":26990,"comment_status":"open","ping_status":"open","sticky":false,"template":"","format":"standard","meta":{"footnotes":""},"categories":[15],"tags":[29,30,28],"class_list":["post-26989","post","type-post","status-publish","format-standard","has-post-thumbnail","hentry","category-seguridad-y-justicia","tag-grid","tag-news","tag-slider"],"_links":{"self":[{"href":"http:\/\/elobservatorio.com.mx\/index.php?rest_route=\/wp\/v2\/posts\/26989"}],"collection":[{"href":"http:\/\/elobservatorio.com.mx\/index.php?rest_route=\/wp\/v2\/posts"}],"about":[{"href":"http:\/\/elobservatorio.com.mx\/index.php?rest_route=\/wp\/v2\/types\/post"}],"author":[{"embeddable":true,"href":"http:\/\/elobservatorio.com.mx\/index.php?rest_route=\/wp\/v2\/users\/2"}],"replies":[{"embeddable":true,"href":"http:\/\/elobservatorio.com.mx\/index.php?rest_route=%2Fwp%2Fv2%2Fcomments&post=26989"}],"version-history":[{"count":0,"href":"http:\/\/elobservatorio.com.mx\/index.php?rest_route=\/wp\/v2\/posts\/26989\/revisions"}],"wp:featuredmedia":[{"embeddable":true,"href":"http:\/\/elobservatorio.com.mx\/index.php?rest_route=\/wp\/v2\/media\/26990"}],"wp:attachment":[{"href":"http:\/\/elobservatorio.com.mx\/index.php?rest_route=%2Fwp%2Fv2%2Fmedia&parent=26989"}],"wp:term":[{"taxonomy":"category","embeddable":true,"href":"http:\/\/elobservatorio.com.mx\/index.php?rest_route=%2Fwp%2Fv2%2Fcategories&post=26989"},{"taxonomy":"post_tag","embeddable":true,"href":"http:\/\/elobservatorio.com.mx\/index.php?rest_route=%2Fwp%2Fv2%2Ftags&post=26989"}],"curies":[{"name":"wp","href":"https:\/\/api.w.org\/{rel}","templated":true}]}}