{"id":26992,"date":"2023-05-22T22:46:39","date_gmt":"2023-05-23T04:46:39","guid":{"rendered":"http:\/\/elobservatorio.com.mx\/?p=26992"},"modified":"2023-05-22T22:46:39","modified_gmt":"2023-05-23T04:46:39","slug":"arranca-programa-escuadron-vial-en-escuelas-de-villa-de-alvarez","status":"publish","type":"post","link":"http:\/\/elobservatorio.com.mx\/?p=26992","title":{"rendered":"Arranca Programa Escuadr\u00f3n Vial en escuelas de Villa de \u00c1lvarez"},"content":{"rendered":"<p><em>*Presidenta Tey Guti\u00e9rrez entrega reconocimiento a padres de familia y maestros de la primaria Griselda \u00c1lvarez, por coadyuvar a fortalecer la seguridad de ni\u00f1as y ni\u00f1os.<\/em><br aria-hidden=\"true\" \/><br aria-hidden=\"true\" \/>Villa de \u00c1lvarez, Col.- \u00a0La Presidenta de Villa de \u00c1lvarez, Tey Guti\u00e9rrez Andrade, puso en marcha el programa de Escuadr\u00f3n Vial para las escuelas del municipio, con el que, a trav\u00e9s de la suma de voluntades de los padres y madres de familia, maestros y gobierno, se busca fortalecer la seguridad de las ni\u00f1as y ni\u00f1os.<br aria-hidden=\"true\" \/><br aria-hidden=\"true\" \/>En la primaria Griselda \u00c1lvarez Ponce de Le\u00f3n de la colonia La Reserva, la Alcaldesa entreg\u00f3 un reconocimiento a madres de familia y docentes por realizar acciones y participar en programas ben\u00e9ficos para la comunidad escolar y sus familias, asimismo les pidi\u00f3 que sigan trabajando coordinadamente en la suma de voluntades para seguir haciendo ese gran equipo que requiere el municipio.<br aria-hidden=\"true\" \/><br aria-hidden=\"true\" \/>Tey Guti\u00e9rrez dijo que durante esta semana se estar\u00e1 dotando de conos, chalecos, silbatos y banderolas, para que los escuadrones viales cuenten con los se\u00f1alamientos necesarios que les ayuden en su tarea \u00a0de generar orden vial y as\u00ed cuidar a lo m\u00e1s valioso que son las ni\u00f1as y ni\u00f1os.<br aria-hidden=\"true\" \/><br aria-hidden=\"true\" \/>Por su parte, Alfredo Ch\u00e1vez Gonz\u00e1lez, Secretario General del Ayuntamiento coment\u00f3 que con capacitaci\u00f3n previa de la Direcci\u00f3n de Tr\u00e1nsito y Vialidad, los escuadrones viales tendr\u00e1n los elementos t\u00e9cnicos y las condiciones para poder generar orden vial en el exterior de los planteles educativos.<br aria-hidden=\"true\" \/><br aria-hidden=\"true\" \/>El Director de Tr\u00e1nsito y Vialidad, Sergio Dolores Villalvazo, detall\u00f3 que en la primaria Griselda \u00c1lvarez se capacit\u00f3 a seis padres de familia por d\u00eda durante una semana, a quienes se les explicaron las t\u00e9cnicas para recibir a las ni\u00f1as y ni\u00f1os, as\u00ed como la instalaci\u00f3n de conos, pero sobre todo, se capacit\u00f3 a todos los padres de familia sobre las reglas viales, esto con el objetivo de \u00a0generar conciencia sobre los factores que causan el caos vial a la entrada y salida del horario escolar.<br aria-hidden=\"true\" \/><br aria-hidden=\"true\" \/>Por su parte, la Directora del plantel, Laura Contreras, reconoci\u00f3 el trabajo que a diario\u00a0 realiza el gobierno que encabeza Tey Guti\u00e9rrez en todo el municipio, destacando que con la comunidad escolar ha sido cercana, sensible y ha resuelto las necesidades de la escuela.<br aria-hidden=\"true\" \/><br aria-hidden=\"true\" \/>\u201cCuando nadie nos escuchaba, usted atendi\u00f3 nuestro llamado, lo que deja ver el compromiso con los ni\u00f1os y la comunidad\u201d, concluy\u00f3.<\/p>\n","protected":false},"excerpt":{"rendered":"<p>*Presidenta Tey Guti\u00e9rrez entrega reconocimiento a padres de familia y maestros de la primaria Griselda \u00c1lvarez, por coadyuvar a fortalecer la seguridad de ni\u00f1as y ni\u00f1os.Villa de \u00c1lvarez, Col.- \u00a0La Presidenta de Villa de \u00c1lvarez, Tey Guti\u00e9rrez Andrade, puso en marcha el programa de Escuadr\u00f3n Vial para las escuelas del municipio, con el que, a&#8230;<\/p>\n","protected":false},"author":2,"featured_media":26993,"comment_status":"open","ping_status":"open","sticky":false,"template":"","format":"standard","meta":{"footnotes":""},"categories":[8,42],"tags":[29,30,28],"class_list":["post-26992","post","type-post","status-publish","format-standard","has-post-thumbnail","hentry","category-municipios","category-villa-de-alvarez","tag-grid","tag-news","tag-slider"],"_links":{"self":[{"href":"http:\/\/elobservatorio.com.mx\/index.php?rest_route=\/wp\/v2\/posts\/26992"}],"collection":[{"href":"http:\/\/elobservatorio.com.mx\/index.php?rest_route=\/wp\/v2\/posts"}],"about":[{"href":"http:\/\/elobservatorio.com.mx\/index.php?rest_route=\/wp\/v2\/types\/post"}],"author":[{"embeddable":true,"href":"http:\/\/elobservatorio.com.mx\/index.php?rest_route=\/wp\/v2\/users\/2"}],"replies":[{"embeddable":true,"href":"http:\/\/elobservatorio.com.mx\/index.php?rest_route=%2Fwp%2Fv2%2Fcomments&post=26992"}],"version-history":[{"count":0,"href":"http:\/\/elobservatorio.com.mx\/index.php?rest_route=\/wp\/v2\/posts\/26992\/revisions"}],"wp:featuredmedia":[{"embeddable":true,"href":"http:\/\/elobservatorio.com.mx\/index.php?rest_route=\/wp\/v2\/media\/26993"}],"wp:attachment":[{"href":"http:\/\/elobservatorio.com.mx\/index.php?rest_route=%2Fwp%2Fv2%2Fmedia&parent=26992"}],"wp:term":[{"taxonomy":"category","embeddable":true,"href":"http:\/\/elobservatorio.com.mx\/index.php?rest_route=%2Fwp%2Fv2%2Fcategories&post=26992"},{"taxonomy":"post_tag","embeddable":true,"href":"http:\/\/elobservatorio.com.mx\/index.php?rest_route=%2Fwp%2Fv2%2Ftags&post=26992"}],"curies":[{"name":"wp","href":"https:\/\/api.w.org\/{rel}","templated":true}]}}