{"id":26995,"date":"2023-05-22T22:57:38","date_gmt":"2023-05-23T04:57:38","guid":{"rendered":"http:\/\/elobservatorio.com.mx\/?p=26995"},"modified":"2023-05-22T22:57:38","modified_gmt":"2023-05-23T04:57:38","slug":"capacitan-a-empresarios-sobre-incubacion-de-negocios","status":"publish","type":"post","link":"http:\/\/elobservatorio.com.mx\/?p=26995","title":{"rendered":"Capacitan a empresarios sobre incubaci\u00f3n de negocios"},"content":{"rendered":"<p class=\"x_gmail-MsoNoSpacing\"><em>*Concluyeron un taller impartido por la Universidad de Colima.<\/em><\/p>\n<p class=\"x_gmail-MsoNoSpacing\">Propietarios de diez empresas de Cuauht\u00e9moc concluyeron el Taller de Incubaci\u00f3n de Proyectos Productivos, que llev\u00f3 a cabo el Gobierno Municipal en coordinaci\u00f3n con la Direcci\u00f3n General de Innovaci\u00f3n y Cultura Emprendedora, de la Universidad de Colima.<\/p>\n<p class=\"x_gmail-MsoNoSpacing\">Con la representaci\u00f3n de la alcaldesa, Gabriela Mej\u00eda Mart\u00ednez, el secretario del Ayuntamiento, Aldo Mart\u00ednez Lizardi, encabez\u00f3 la clausura del evento y reiter\u00f3 a los presentes el total respaldo de la presidenta para el sector emprendedor, que todos los d\u00edas le ponen amor, pasi\u00f3n y entusiasmo a sus proyectos.<\/p>\n<p class=\"x_gmail-MsoNoSpacing\">Afirm\u00f3 que esta asesor\u00eda y capacitaci\u00f3n por parte de la m\u00e1xima casa de estudios, debe fortalecer de manera significativa la econom\u00eda local, toda vez que quienes participaron cuentan ahora con herramientas \u00fatiles, que les permitir\u00e1n enriquecer sus estrategias comerciales.<\/p>\n<p class=\"x_gmail-MsoNoSpacing\">Por su parte, Fernando S\u00e1nchez C\u00e1rdenas, director general de Innovaci\u00f3n y Cultura Emprendedora, dijo que este es el cierre de un ciclo formativo que les permitir\u00e1 a los participantes, tener m\u00e1s elementos y confianza en la apertura o ampliaci\u00f3n de sus negocios.<\/p>\n<p class=\"x_gmail-MsoNoSpacing\">Record\u00f3 que este es el resultado de la firma de un convenio de colaboraci\u00f3n entre el rector de la Universidad, Christian Torres y la alcaldesa Gabriela Mej\u00eda, para realizar un trabajo en conjunto y que en casos como estos, los propietarios de un negocio se enfoquen en resolver una necesidad en sus consumidores o clientes, ya que lo dem\u00e1s llega por s\u00ed solo, si se tiene el enfoque y los enlaces adecuados.<\/p>\n<p class=\"x_gmail-MsoNoSpacing\">En el acto estuvieron tambi\u00e9n presentes, Blanca Isabel Rocha Cobi\u00e1n, directora de Fomento Econ\u00f3mico y Luis Manuel Torres Morales, director de Desarrollo Econ\u00f3mico, Social y Humano del Ayuntamiento, as\u00ed como los maestros Lizbeth Fern\u00e1ndez Rivera y Luis Enrique V\u00e1zquez, quienes brindaron la capacitaci\u00f3n a los emprendedores.<\/p>\n","protected":false},"excerpt":{"rendered":"<p>*Concluyeron un taller impartido por la Universidad de Colima. Propietarios de diez empresas de Cuauht\u00e9moc concluyeron el Taller de Incubaci\u00f3n de Proyectos Productivos, que llev\u00f3 a cabo el Gobierno Municipal en coordinaci\u00f3n con la Direcci\u00f3n General de Innovaci\u00f3n y Cultura Emprendedora, de la Universidad de Colima. Con la representaci\u00f3n de la alcaldesa, Gabriela Mej\u00eda Mart\u00ednez,&#8230;<\/p>\n","protected":false},"author":2,"featured_media":26996,"comment_status":"open","ping_status":"open","sticky":false,"template":"","format":"standard","meta":{"footnotes":""},"categories":[40,8],"tags":[29,30,28],"class_list":["post-26995","post","type-post","status-publish","format-standard","has-post-thumbnail","hentry","category-cuauhtemoc","category-municipios","tag-grid","tag-news","tag-slider"],"_links":{"self":[{"href":"http:\/\/elobservatorio.com.mx\/index.php?rest_route=\/wp\/v2\/posts\/26995"}],"collection":[{"href":"http:\/\/elobservatorio.com.mx\/index.php?rest_route=\/wp\/v2\/posts"}],"about":[{"href":"http:\/\/elobservatorio.com.mx\/index.php?rest_route=\/wp\/v2\/types\/post"}],"author":[{"embeddable":true,"href":"http:\/\/elobservatorio.com.mx\/index.php?rest_route=\/wp\/v2\/users\/2"}],"replies":[{"embeddable":true,"href":"http:\/\/elobservatorio.com.mx\/index.php?rest_route=%2Fwp%2Fv2%2Fcomments&post=26995"}],"version-history":[{"count":0,"href":"http:\/\/elobservatorio.com.mx\/index.php?rest_route=\/wp\/v2\/posts\/26995\/revisions"}],"wp:featuredmedia":[{"embeddable":true,"href":"http:\/\/elobservatorio.com.mx\/index.php?rest_route=\/wp\/v2\/media\/26996"}],"wp:attachment":[{"href":"http:\/\/elobservatorio.com.mx\/index.php?rest_route=%2Fwp%2Fv2%2Fmedia&parent=26995"}],"wp:term":[{"taxonomy":"category","embeddable":true,"href":"http:\/\/elobservatorio.com.mx\/index.php?rest_route=%2Fwp%2Fv2%2Fcategories&post=26995"},{"taxonomy":"post_tag","embeddable":true,"href":"http:\/\/elobservatorio.com.mx\/index.php?rest_route=%2Fwp%2Fv2%2Ftags&post=26995"}],"curies":[{"name":"wp","href":"https:\/\/api.w.org\/{rel}","templated":true}]}}