{"id":27001,"date":"2023-05-23T12:12:38","date_gmt":"2023-05-23T18:12:38","guid":{"rendered":"http:\/\/elobservatorio.com.mx\/?p=27001"},"modified":"2023-05-23T12:15:57","modified_gmt":"2023-05-23T18:15:57","slug":"incia-semana-del-estudiante-la-secundaria-adalberto-torres-gaytan","status":"publish","type":"post","link":"http:\/\/elobservatorio.com.mx\/?p=27001","title":{"rendered":"Inicia semana del estudiante la secundaria \u00abAdalberto Torres Gayt\u00e1n\u00bb"},"content":{"rendered":"<p><em>*Habr\u00e1\u00a0 eventos\u00a0 culturales, interesantes\u00a0 conferencias y\u00a0 evento social.<\/em><\/p>\n<p>Tecom\u00e1n Col.\u00a0 \u201c Del 22\u00a0 al 25\u00a0 de mayo\u00a0 se\u00a0 tiene\u00a0 programada\u00a0 una\u00a0 serie\u00a0 de actividades tanto\u00a0 del\u00a0 \u00e1mbito cient\u00edfico, social, de prevenci\u00f3n\u00a0 del\u00a0 delito, deportivos , sociales y\u00a0 culturales\u00a0 con\u00a0 la\u00a0 intenci\u00f3n\u00a0 de que\u00a0 los\u00a0 j\u00f3venes tengan\u00a0 acceso\u00a0 al\u00a0 conocimiento a\u00a0 diferentes\u00a0 tipos\u00a0 de\u00a0 arte ya\u00a0 que\u00a0 tras\u00a0\u00a0 retomar\u00a0 la\u00a0 presencialidad\u00a0 despu\u00e9s\u00a0 de dos a\u00f1os\u00a0 de\u00a0 pandemia, considero\u00a0 que\u00a0 es\u00a0 importante\u00a0 que\u00a0 los\u00a0 j\u00f3venes\u00a0 vuelvan\u00a0 a\u00a0 tomar\u00a0 la\u00a0 interacci\u00f3n\u00a0 social\u00a0 como\u00a0 parte\u00a0 del\u00a0 aprendizaje\u00a0 de\u00a0 la\u00a0 construcci\u00f3n\u00a0 comunitaria.\u00a0 \u201c<\/p>\n<p>Inform\u00f3\u00a0 la\u00a0 Directora\u00a0 de la\u00a0 secundaria\u00a0 Dr. Adalberto Torres\u00a0 Gayt\u00e1n\u00a0 Mtra. Isabel Mart\u00ednez\u00a0 P\u00e9rez,\u00a0 quien\u00a0 al\u00a0 inaugurar\u00a0 la\u00a0 semana\u00a0 del\u00a0 estudiante dijo\u00a0\u00a0 tambi\u00e9n\u00a0 que\u00a0 todas\u00a0 las\u00a0 actividades est\u00e1n\u00a0 enfocadas\u00a0 con\u00a0 miras\u00a0 y\u00a0 a\u00a0 la\u00a0 cultura\u00a0 de\u00a0 Paz en\u00a0 una\u00a0 sociedad\u00a0 tan\u00a0 urgida\u00a0\u00a0 de\u00a0 bienestar\u00a0 social.<\/p>\n<p>La\u00a0 maestra Isabel Mart\u00ednez, explic\u00f3\u00a0 tambi\u00e9n\u00a0 que con\u00a0 estos eventos\u00a0 se\u00a0 pretende\u00a0 hacerles\u00a0 saber\u00a0 que\u00a0 con\u00a0 la pandemia\u00a0 nos dej\u00f3\u00a0 un\u00a0 aprendizaje\u00a0 importante\u00a0 a\u00a0 nivel\u00a0 mundial , \u00a0y que las\u00a0 decisiones\u00a0 informadas que\u00a0 las\u00a0 personas tomen\u00a0\u00a0 desde el\u00a0 punto\u00a0 de\u00a0 vista\u00a0 cient\u00edfico como\u00a0 es\u00a0 el\u00a0 caso\u00a0 de\u00a0 los\u00a0 que\u00a0 pretendemos\u00a0 que\u00a0 en\u00a0 esta\u00a0 semana.<\/p>\n<p>Expuso que las\u00a0 ponentes\u00a0 que\u00a0 vienen\u00a0 de\u00a0 CONACYT\u00a0 traen\u00a0 importante\u00a0 informaci\u00f3n\u00a0 que \u00a0recibir\u00e1n y se les dar\u00e1 \u00a0\u00a0a\u00a0 conocer\u00a0 a\u00a0 los\u00a0 j\u00f3venes, que\u00a0 sepan\u00a0 ellos\u00a0 que\u00a0 vienen de\u00a0 muy\u00a0 buena\u00a0 fuente y\u00a0 que\u00a0 socialmente\u00a0 pueden\u00a0 tomar\u00a0 decisiones\u00a0 bas\u00e1ndose\u00a0 precisamente\u00a0 en\u00a0 informaci\u00f3n\u00a0 cient\u00edfica.<\/p>\n<p>Indic\u00f3\u00a0 que\u00a0 es\u00a0 importante\u00a0 que\u00a0 los\u00a0 adolescentes, padres\u00a0 de\u00a0 familia, tambi\u00e9n\u00a0 la\u00a0 comunidad\u00a0 aprende de\u00a0 ello\u00a0 a trav\u00e9s\u00a0 de\u00a0 los\u00a0 chicos que \u00a0comparten\u00a0 en\u00a0 casa dentro\u00a0 de\u00a0 la\u00a0 escuela\u00a0 y\u00a0 fuera\u00a0 de\u00a0 ella,\u00a0 la\u00a0 escuela\u00a0 debe\u00a0 ser\u00a0 el\u00a0 eje\u00a0 donde giran\u00a0 los\u00a0 intereses\u00a0 de\u00a0 una\u00a0 sociedad.<\/p>\n<p>Detall\u00f3,\u00a0 que El\u00a0 lunes\u00a0 se\u00a0 inici\u00f3 con \u00a0\u00a0el\u00a0 concurso de\u00a0 talentos, para\u00a0 identificar eso\u00a0 que es\u00a0 importante, \u00a0que\u00a0 se\u00a0 sienten\u00a0 deprimidos\u00a0 o\u00a0 con\u00a0 ansiedad o\u00a0 que\u00a0 algunos\u00a0 se\u00a0 han\u00a0 auto lesionado , no\u00a0 saben\u00a0 que\u00a0 tienen\u00a0 talentos y\u00a0 es\u00a0 importante\u00a0 descubrir\u00a0\u00a0 esos\u00a0 valores que\u00a0 tienen y \u00a0\u00a0que\u00a0 la\u00a0 escuela\u00a0 es\u00a0 el\u00a0 lugar\u00a0 id\u00f3neo para\u00a0 que\u00a0 se\u00a0 les reconozca lo que\u00a0 ellos\u00a0\u00a0 saben\u00a0 hacer;,\u00a0 lectura\u00a0 en\u00a0 voz\u00a0 alta, escritura\u00a0 de\u00a0 textos breves, demostraciones\u00a0 de\u00a0 ilustraci\u00f3n,\u00a0 la\u00a0 escuela\u00a0 goza ese\u00a0 privilegio\u00a0 de\u00a0 contar\u00a0 con\u00a0 j\u00f3venes\u00a0\u00a0 que les\u00a0 gustas\u00a0 ilustrar\u00a0 por es\u00a0 una\u00a0 manera\u00a0 de\u00a0 expresarse. Hay\u00a0 chicos\u00a0 que les gusta\u00a0 tocar\u00a0 guitarra, y\u00a0 seguramente\u00a0 hay\u00a0 m\u00e1s\u00a0 talentos\u00a0 que no\u00a0 hemos\u00a0 visto pero\u00a0 que\u00a0 es\u00a0 importante saberlos.<\/p>\n<p>El\u00a0 lunes\u00a0 se cont\u00f3\u00a0 con\u00a0 la\u00a0 honorable\u00a0 presencia\u00a0 de\u00a0 la\u00a0 Doctora en\u00a0 bioqu\u00edmica\u00a0\u00a0 por\u00a0 la\u00a0 UNAM, Sara Centeno Leija, quien\u00a0 es\u00a0\u00a0\u00a0 investigadora en la\u00a0 Universidad\u00a0 de\u00a0 Colima y junto\u00a0 con\u00a0 ella\u00a0 la\u00a0 Dra. en\u00a0 biotecnolog\u00eda Laura\u00a0 Espinosa\u00a0 Barrera\u00a0 quienes\u00a0 dieron\u00a0 la\u00a0 charla\u00a0 \u201c Mujeres\u00a0 en\u00a0 la\u00a0 Ciencia\u201d.<\/p>\n<p>La\u00a0 directora\u00a0 de\u00a0 la\u00a0 secundaria\u00a0 Adalberto Torres\u00a0 Gayt\u00e1n\u00a0 mencion\u00f3 que\u00a0 el\u00a0 martes el cineasta\u00a0\u00a0 Nelson\u00a0 Aldape les\u00a0 habl\u00f3\u00a0 y\u00a0 proyect\u00f3\u00a0 cine\u00a0 colimense\u00a0 del\u00a0 que\u00a0 \u00e9l\u00a0 ha\u00a0 participado; \u00a0El\u00a0 Centro\u00a0 de\u00a0 Integraci\u00f3n\u00a0 Juvenil les\u00a0 habl\u00f3\u00a0 de\u00a0 Suicidio, Ansiedad y\u00a0 depresi\u00f3n, impactos\u00a0 que\u00a0 nos arroj\u00f3\u00a0 la pandemia con\u00a0 el\u00a0 aislamiento, Concluyendo\u00a0 la\u00a0 jornada\u00a0 de\u00a0 este\u00a0 d\u00eda\u00a0 con\u00a0 una\u00a0 muy\u00a0 importante\u00a0 charla\u00a0 que\u00a0 ofrecen\u00a0 Dulce\u00a0 Mar\u00eda\u00a0 Vargas\u00a0 Bracamontes\u00a0 e\u00a0 Istra L\u00f3pez\u00a0 Vega que\u00a0 es\u00a0 licenciada\u00a0 en\u00a0 ciencia ambiental\u00a0 y\u00a0 gesti\u00f3n\u00a0 de\u00a0 riesgo\u00a0 en\u00a0 la\u00a0 universidad\u00a0 de\u00a0 Colima. Para\u00a0 hablar\u00a0 sobre\u00a0 el\u00a0 Volc\u00e1n\u00a0 de\u00a0 Colima y\u00a0 del\u00a0 Popocat\u00e9petl que acaba\u00a0 de\u00a0 entrar\u00a0 en\u00a0 peque\u00f1as\u00a0 erupciones.<\/p>\n","protected":false},"excerpt":{"rendered":"<p>*Habr\u00e1\u00a0 eventos\u00a0 culturales, interesantes\u00a0 conferencias y\u00a0 evento social. Tecom\u00e1n Col.\u00a0 \u201c Del 22\u00a0 al 25\u00a0 de mayo\u00a0 se\u00a0 tiene\u00a0 programada\u00a0 una\u00a0 serie\u00a0 de actividades tanto\u00a0 del\u00a0 \u00e1mbito cient\u00edfico, social, de prevenci\u00f3n\u00a0 del\u00a0 delito, deportivos , sociales y\u00a0 culturales\u00a0 con\u00a0 la\u00a0 intenci\u00f3n\u00a0 de que\u00a0 los\u00a0 j\u00f3venes tengan\u00a0 acceso\u00a0 al\u00a0 conocimiento a\u00a0 diferentes\u00a0 tipos\u00a0 de\u00a0 arte ya\u00a0&#8230;<\/p>\n","protected":false},"author":2,"featured_media":27003,"comment_status":"open","ping_status":"open","sticky":false,"template":"","format":"standard","meta":{"footnotes":""},"categories":[12,34],"tags":[29,30,28],"class_list":["post-27001","post","type-post","status-publish","format-standard","has-post-thumbnail","hentry","category-sociedad","category-tecoman","tag-grid","tag-news","tag-slider"],"_links":{"self":[{"href":"http:\/\/elobservatorio.com.mx\/index.php?rest_route=\/wp\/v2\/posts\/27001"}],"collection":[{"href":"http:\/\/elobservatorio.com.mx\/index.php?rest_route=\/wp\/v2\/posts"}],"about":[{"href":"http:\/\/elobservatorio.com.mx\/index.php?rest_route=\/wp\/v2\/types\/post"}],"author":[{"embeddable":true,"href":"http:\/\/elobservatorio.com.mx\/index.php?rest_route=\/wp\/v2\/users\/2"}],"replies":[{"embeddable":true,"href":"http:\/\/elobservatorio.com.mx\/index.php?rest_route=%2Fwp%2Fv2%2Fcomments&post=27001"}],"version-history":[{"count":0,"href":"http:\/\/elobservatorio.com.mx\/index.php?rest_route=\/wp\/v2\/posts\/27001\/revisions"}],"wp:featuredmedia":[{"embeddable":true,"href":"http:\/\/elobservatorio.com.mx\/index.php?rest_route=\/wp\/v2\/media\/27003"}],"wp:attachment":[{"href":"http:\/\/elobservatorio.com.mx\/index.php?rest_route=%2Fwp%2Fv2%2Fmedia&parent=27001"}],"wp:term":[{"taxonomy":"category","embeddable":true,"href":"http:\/\/elobservatorio.com.mx\/index.php?rest_route=%2Fwp%2Fv2%2Fcategories&post=27001"},{"taxonomy":"post_tag","embeddable":true,"href":"http:\/\/elobservatorio.com.mx\/index.php?rest_route=%2Fwp%2Fv2%2Ftags&post=27001"}],"curies":[{"name":"wp","href":"https:\/\/api.w.org\/{rel}","templated":true}]}}