{"id":27102,"date":"2023-05-29T23:33:28","date_gmt":"2023-05-30T05:33:28","guid":{"rendered":"http:\/\/elobservatorio.com.mx\/?p=27102"},"modified":"2023-05-29T23:33:28","modified_gmt":"2023-05-30T05:33:28","slug":"reconoce-tey-a-trabajadores-con-28-y-30-anos-de-servicio","status":"publish","type":"post","link":"http:\/\/elobservatorio.com.mx\/?p=27102","title":{"rendered":"Reconoce Tey a trabajadores con 28 y 30 a\u00f1os de servicio"},"content":{"rendered":"<p>Villa de \u00c1lvarez, Col.- La Presidenta Tey Guti\u00e9rrez Andrade entreg\u00f3 reconocimientos a trabajadores con 28 y 30 a\u00f1os de servicio al municipio de Villa de \u00c1lvarez, quienes en fecha reciente se jubilaron de la funci\u00f3n laboral activa.<\/p>\n<p>La Alcaldesa reconoci\u00f3 el trabajo y dedicaci\u00f3n que por 28 y 30 a\u00f1os los hoy jubilados y jubiladas le dieron a la administraci\u00f3n municipal y a la poblaci\u00f3n de Villa de \u00c1lvarez, que seguramente tambi\u00e9n les reconoce su entrega a favor del municipio.<\/p>\n<p>\u00abLes deseo que en esta nueva etapa de su vida sean muy felices, hagan lo que nunca han hecho, pero sobre todo que sea algo que les guste, les fascine y les llene el alma y el coraz\u00f3n\u00bb, les dijo a las y los trabajadores.<\/p>\n<p>Teresa Ram\u00edrez, Secretaria General del Sindicato de Trabajadores al Servicio del Ayuntamiento de Villa de \u00c1lvarez, destac\u00f3 que ha sido una constante de la actual administraci\u00f3n municipal reconocer el trabajo de la plantilla sindicalizada.<\/p>\n<p>Tambi\u00e9n reconoci\u00f3 el cumplimiento del gobierno de Tey Guti\u00e9rrez con las prestaciones laborales a las que legalmente tienen derecho las y los trabajadores, \u00absiempre pagando de manera puntual\u00bb.<\/p>\n<p>Finalmente, expres\u00f3 que contrario a lo sucedido en anteriores administraciones, en la actual se tiene un muy buen ambiente y clima laboral, pues antes era muy estresante el trabajo en algunas \u00e1reas<\/p>\n","protected":false},"excerpt":{"rendered":"<p>Villa de \u00c1lvarez, Col.- La Presidenta Tey Guti\u00e9rrez Andrade entreg\u00f3 reconocimientos a trabajadores con 28 y 30 a\u00f1os de servicio al municipio de Villa de \u00c1lvarez, quienes en fecha reciente se jubilaron de la funci\u00f3n laboral activa. La Alcaldesa reconoci\u00f3 el trabajo y dedicaci\u00f3n que por 28 y 30 a\u00f1os los hoy jubilados y jubiladas&#8230;<\/p>\n","protected":false},"author":2,"featured_media":27103,"comment_status":"open","ping_status":"open","sticky":false,"template":"","format":"standard","meta":{"footnotes":""},"categories":[8,42],"tags":[29,30,28],"class_list":["post-27102","post","type-post","status-publish","format-standard","has-post-thumbnail","hentry","category-municipios","category-villa-de-alvarez","tag-grid","tag-news","tag-slider"],"_links":{"self":[{"href":"http:\/\/elobservatorio.com.mx\/index.php?rest_route=\/wp\/v2\/posts\/27102"}],"collection":[{"href":"http:\/\/elobservatorio.com.mx\/index.php?rest_route=\/wp\/v2\/posts"}],"about":[{"href":"http:\/\/elobservatorio.com.mx\/index.php?rest_route=\/wp\/v2\/types\/post"}],"author":[{"embeddable":true,"href":"http:\/\/elobservatorio.com.mx\/index.php?rest_route=\/wp\/v2\/users\/2"}],"replies":[{"embeddable":true,"href":"http:\/\/elobservatorio.com.mx\/index.php?rest_route=%2Fwp%2Fv2%2Fcomments&post=27102"}],"version-history":[{"count":0,"href":"http:\/\/elobservatorio.com.mx\/index.php?rest_route=\/wp\/v2\/posts\/27102\/revisions"}],"wp:featuredmedia":[{"embeddable":true,"href":"http:\/\/elobservatorio.com.mx\/index.php?rest_route=\/wp\/v2\/media\/27103"}],"wp:attachment":[{"href":"http:\/\/elobservatorio.com.mx\/index.php?rest_route=%2Fwp%2Fv2%2Fmedia&parent=27102"}],"wp:term":[{"taxonomy":"category","embeddable":true,"href":"http:\/\/elobservatorio.com.mx\/index.php?rest_route=%2Fwp%2Fv2%2Fcategories&post=27102"},{"taxonomy":"post_tag","embeddable":true,"href":"http:\/\/elobservatorio.com.mx\/index.php?rest_route=%2Fwp%2Fv2%2Ftags&post=27102"}],"curies":[{"name":"wp","href":"https:\/\/api.w.org\/{rel}","templated":true}]}}