{"id":2715,"date":"2019-03-01T22:09:09","date_gmt":"2019-03-01T22:09:09","guid":{"rendered":"http:\/\/elobservatorio.com.mx\/establecen-udec-e-imss-directrices-para-firmar-convenio"},"modified":"2019-03-01T22:09:09","modified_gmt":"2019-03-01T22:09:09","slug":"establecen-udec-e-imss-directrices-para-firmar-convenio","status":"publish","type":"post","link":"http:\/\/elobservatorio.com.mx\/?p=2715","title":{"rendered":"Establecen UdeC e IMSS directrices para firmar convenio"},"content":{"rendered":"<p><em>*El delegado Rafael Brice\u00f1o se reuni\u00f3 con el rector Jos\u00e9 Eduardo Hern\u00e1ndez Nava para dialogar sobre posibles maneras de colaborar conjuntamente.<\/em><\/p>\n<p>Con la idea de firmar un convenio de colaboraci\u00f3n donde ambas instituciones aporten sus fortalezas para el bien de los alumnos y la sociedad, Rafael Brice\u00f1o Alcaraz, delegado del Instituto Mexicano del Seguro Social (IMSS) en la entidad y el rector de la Universidad de Colima, Jos\u00e9 Eduardo Hern\u00e1ndez Nava, sostuvieron este jueves un di\u00e1logo acompa\u00f1ados por varios de sus colaboradores.<\/p>\n<p>Al tomar la palabra, Rafael Brice\u00f1o coment\u00f3 que \u201ces una responsabilidad tener un convenio saludable con la Universidad, pues est\u00e1n dadas las condiciones para que as\u00ed sea\u201d, y agreg\u00f3 que el IMSS tiene el compromiso de brindar apoyo para que ambas instituciones sigan trabajando en conjunto.<\/p>\n<p>\u201cLas puertas de la Delegaci\u00f3n del IMSS est\u00e1n abiertas y nosotros, encantados de que se haga un convenio\u201d, afirm\u00f3.<\/p>\n<p>Por su parte, Hern\u00e1ndez Nava dijo sentirse contento por la visita del personal de la Delegaci\u00f3n del IMSS a la Universidad de Colima, pues \u201ctenemos muchas cosas que podr\u00edamos hacer de manera conjunta en materia de capacitaci\u00f3n, servicio social, pr\u00e1cticas profesionales, pr\u00e9stamo de instalaciones, cultura, etc.\u201d<\/p>\n<p>Durante esta visita, el coordinador Administrativo y Financiero de la UdeC, Juan Carlos Vargas Lepe, dijo que al IMSS podr\u00eda interesarle lo que se expuso recientemente en una reuni\u00f3n celebrada en d\u00edas pasados en la Ciudad de M\u00e9xico, y a la cual \u00e9l asisti\u00f3, sobre una nueva forma de registrar a los trabajadores, lo que involucrar\u00eda a las \u00e1reas jur\u00eddica y financiera y reducir\u00eda costos.<\/p>\n<p>Respecto a lo anterior, el delegado mostr\u00f3 inter\u00e9s en trabajar en dicho tema, esto es, \u201cen buscar un esquema que sea m\u00e1s facilitador y menos gravoso, y que se cumpla como la Ley lo establece con la cobertura\u201d.<\/p>\n<p>En el evento estuvieron presentes, por parte de la Delegaci\u00f3n del IMSS, el jefe de Afiliaci\u00f3n y Cobranza, Juan Tov\u00edas Red\u00f3n, y el jefe de Departamento de Supervisi\u00f3n y Cobranza, Luis Garc\u00eda Ladino.<\/p>\n<p>Por la UdeC estuvieron el director general de Recursos Humanos, Celso Armando \u00c1valos; el abogado general, El\u00edas Flores; la directora general de Servicios Social y Pr\u00e1ctica Profesional, Jessica Rodr\u00edguez; el director general de Educaci\u00f3n Continua, Rosendo S\u00e1nchez; el secretario t\u00e9cnico de Rector\u00eda, Jos\u00e9 Luis Ram\u00edrez y la secretaria particular del rector, Margarita Gonz\u00e1lez; Velasco.<\/p>\n<p>&nbsp;<\/p>\n","protected":false},"excerpt":{"rendered":"<p>*El delegado Rafael Brice\u00f1o se reuni\u00f3 con el rector Jos\u00e9 Eduardo Hern\u00e1ndez Nava para dialogar sobre posibles maneras de colaborar conjuntamente. Con la idea de firmar un convenio de colaboraci\u00f3n donde ambas instituciones aporten sus fortalezas para el bien de los alumnos y la sociedad, Rafael Brice\u00f1o Alcaraz, delegado del Instituto Mexicano del Seguro Social&#8230;<\/p>\n","protected":false},"author":2,"featured_media":2716,"comment_status":"open","ping_status":"open","sticky":false,"template":"","format":"standard","meta":{"footnotes":""},"categories":[14],"tags":[29,30,28],"class_list":["post-2715","post","type-post","status-publish","format-standard","has-post-thumbnail","hentry","category-educacion-y-cultura","tag-grid","tag-news","tag-slider"],"_links":{"self":[{"href":"http:\/\/elobservatorio.com.mx\/index.php?rest_route=\/wp\/v2\/posts\/2715"}],"collection":[{"href":"http:\/\/elobservatorio.com.mx\/index.php?rest_route=\/wp\/v2\/posts"}],"about":[{"href":"http:\/\/elobservatorio.com.mx\/index.php?rest_route=\/wp\/v2\/types\/post"}],"author":[{"embeddable":true,"href":"http:\/\/elobservatorio.com.mx\/index.php?rest_route=\/wp\/v2\/users\/2"}],"replies":[{"embeddable":true,"href":"http:\/\/elobservatorio.com.mx\/index.php?rest_route=%2Fwp%2Fv2%2Fcomments&post=2715"}],"version-history":[{"count":0,"href":"http:\/\/elobservatorio.com.mx\/index.php?rest_route=\/wp\/v2\/posts\/2715\/revisions"}],"wp:featuredmedia":[{"embeddable":true,"href":"http:\/\/elobservatorio.com.mx\/index.php?rest_route=\/wp\/v2\/media\/2716"}],"wp:attachment":[{"href":"http:\/\/elobservatorio.com.mx\/index.php?rest_route=%2Fwp%2Fv2%2Fmedia&parent=2715"}],"wp:term":[{"taxonomy":"category","embeddable":true,"href":"http:\/\/elobservatorio.com.mx\/index.php?rest_route=%2Fwp%2Fv2%2Fcategories&post=2715"},{"taxonomy":"post_tag","embeddable":true,"href":"http:\/\/elobservatorio.com.mx\/index.php?rest_route=%2Fwp%2Fv2%2Ftags&post=2715"}],"curies":[{"name":"wp","href":"https:\/\/api.w.org\/{rel}","templated":true}]}}