{"id":2724,"date":"2019-03-01T22:38:19","date_gmt":"2019-03-01T22:38:19","guid":{"rendered":"http:\/\/elobservatorio.com.mx\/felipe-cruz-pone-en-marcha-semaforo-demandado-por-ciudadanos-en-av-ninos-heroes"},"modified":"2019-03-01T22:38:19","modified_gmt":"2019-03-01T22:38:19","slug":"felipe-cruz-pone-en-marcha-semaforo-demandado-por-ciudadanos-en-av-ninos-heroes","status":"publish","type":"post","link":"http:\/\/elobservatorio.com.mx\/?p=2724","title":{"rendered":"Felipe Cruz Pone en Marcha Sem\u00e1foro Demandado por Ciudadanos, en Av. Ni\u00f1os H\u00e9roes"},"content":{"rendered":"<p><em>*A la altura de Paseo de los Limones, en colonias La Reserva y Tulipanes; adem\u00e1s, reinaugur\u00f3 una gasolinera, ubicada en este crucero <\/em><\/p>\n<p>El Presidente Municipal Felipe Cruz puso en marcha un sem\u00e1foro en la Avenida Ni\u00f1os H\u00e9roes, cruce con las calles Paseo de los Limones, ingreso a la colonia Tulipanes; y Paseo de los Limones, de ingreso a la colonia La Reserva.<\/p>\n<p>El alcalde, al poner en operaci\u00f3n este equipo de semaforizaci\u00f3n, explic\u00f3 que \u00e9ste fue una demanda constante en campa\u00f1a, de ciudadanos de las colonias del \u00e1rea poniente, y que el mismo ser\u00e1 de gran utilidad para controlar el tr\u00e1fico, evitar accidentes y evitar que automovilistas tengan que hacer rodeos, en caso de que pretendan retornar para ingresar a estas dos colonias.<\/p>\n<p>En este evento, adem\u00e1s, el alcalde villalvarense dialog\u00f3 con ciudadanos que le expusieron m\u00e1s necesidades en estas colonias del poniente de la ciudad, y adem\u00e1s reinaugur\u00f3 la gasolinera de este crucero, que lleva una nueva marca.<\/p>\n<p>Finalmente, Cruz Calvario expres\u00f3 que este a\u00f1o est\u00e1 programado poner en marcha sem\u00e1foros en vialidades importantes, porque as\u00ed lo han demandado ciudadanos.<\/p>\n<p>Acompa\u00f1aron al alcalde, en esta actividad, el director de Tr\u00e1nsito y Vialidad, Daniel Iglesias Y\u00e1\u00f1ez; y el coordinador de Movilidad y Educaci\u00f3n Vial, Manuel Eduardo Llerenas Godina.<\/p>\n","protected":false},"excerpt":{"rendered":"<p>*A la altura de Paseo de los Limones, en colonias La Reserva y Tulipanes; adem\u00e1s, reinaugur\u00f3 una gasolinera, ubicada en este crucero El Presidente Municipal Felipe Cruz puso en marcha un sem\u00e1foro en la Avenida Ni\u00f1os H\u00e9roes, cruce con las calles Paseo de los Limones, ingreso a la colonia Tulipanes; y Paseo de los Limones,&#8230;<\/p>\n","protected":false},"author":2,"featured_media":2725,"comment_status":"open","ping_status":"open","sticky":false,"template":"","format":"standard","meta":{"footnotes":""},"categories":[8,42],"tags":[29,30,28],"class_list":["post-2724","post","type-post","status-publish","format-standard","has-post-thumbnail","hentry","category-municipios","category-villa-de-alvarez","tag-grid","tag-news","tag-slider"],"_links":{"self":[{"href":"http:\/\/elobservatorio.com.mx\/index.php?rest_route=\/wp\/v2\/posts\/2724"}],"collection":[{"href":"http:\/\/elobservatorio.com.mx\/index.php?rest_route=\/wp\/v2\/posts"}],"about":[{"href":"http:\/\/elobservatorio.com.mx\/index.php?rest_route=\/wp\/v2\/types\/post"}],"author":[{"embeddable":true,"href":"http:\/\/elobservatorio.com.mx\/index.php?rest_route=\/wp\/v2\/users\/2"}],"replies":[{"embeddable":true,"href":"http:\/\/elobservatorio.com.mx\/index.php?rest_route=%2Fwp%2Fv2%2Fcomments&post=2724"}],"version-history":[{"count":0,"href":"http:\/\/elobservatorio.com.mx\/index.php?rest_route=\/wp\/v2\/posts\/2724\/revisions"}],"wp:featuredmedia":[{"embeddable":true,"href":"http:\/\/elobservatorio.com.mx\/index.php?rest_route=\/wp\/v2\/media\/2725"}],"wp:attachment":[{"href":"http:\/\/elobservatorio.com.mx\/index.php?rest_route=%2Fwp%2Fv2%2Fmedia&parent=2724"}],"wp:term":[{"taxonomy":"category","embeddable":true,"href":"http:\/\/elobservatorio.com.mx\/index.php?rest_route=%2Fwp%2Fv2%2Fcategories&post=2724"},{"taxonomy":"post_tag","embeddable":true,"href":"http:\/\/elobservatorio.com.mx\/index.php?rest_route=%2Fwp%2Fv2%2Ftags&post=2724"}],"curies":[{"name":"wp","href":"https:\/\/api.w.org\/{rel}","templated":true}]}}