{"id":27257,"date":"2023-06-15T20:39:05","date_gmt":"2023-06-16T02:39:05","guid":{"rendered":"http:\/\/elobservatorio.com.mx\/?p=27257"},"modified":"2023-06-15T20:39:05","modified_gmt":"2023-06-16T02:39:05","slug":"udec-sede-de-reunion-para-analizar-tema-medioambiental-del-occidente-de-mexico","status":"publish","type":"post","link":"http:\/\/elobservatorio.com.mx\/?p=27257","title":{"rendered":"UdeC, sede de reuni\u00f3n para analizar tema medioambiental del occidente de M\u00e9xico"},"content":{"rendered":"<p><em>*El Centro de Gesti\u00f3n Ambiental fue sede de la Reuni\u00f3n de Enlaces T\u00e9cnicos 2023 del Corredor Biocultural del Centro Occidente de M\u00e9xico, que integran ocho estados y que busca conservar el patrimonio natural y lograr la conectividad biol\u00f3gica de la regi\u00f3n.<\/em><\/p>\n<p>El Centro de Gesti\u00f3n Ambiental (CEUGEA) de la Universidad de Colima, ubicado en la Hacienda Nogueras, fue sede de la Reuni\u00f3n de Enlaces T\u00e9cnicos 2023 del Corredor Biocultural del Centro Occidente de M\u00e9xico (COBIOCOM), la cual tiene como objetivo tejer estrategias entre los ocho estados participantes para conservar y restaurar el territorio, as\u00ed como proteger a las especies y ecosistemas de dichas entidades.<\/p>\n<p>Para ello, dijo Ang\u00e9lica Jim\u00e9nez Hern\u00e1ndez, directora del Instituto para el Medio Ambiente y Desarrollo Sustentable del Estado de Colima (Imades), es necesario entender que los territorios no son pol\u00edtico-administrativo, sino que fluyen a trav\u00e9s de diversos puntos y por lo tanto se deben manejar con un enfoque distinto al tradicional.<\/p>\n<p>\u201cNecesitamos -a\u00f1adi\u00f3- ponernos a trabajar haciendo un manejo integral del territorio, entender que lo que pasa en otros estados nos afecta a nosotros y viceversa. Los retos son varios, pero creando esta sinergia con los dem\u00e1s estados y con las organizaciones podemos generar cosas buenas para el medio ambiente y las regiones\u201d.<\/p>\n<p>En este sentido, el rector de la Universidad de Colima, Christian Jorge Torres Ortiz Zerme\u00f1o, coincidi\u00f3 en que los cambios \u201cs\u00f3lo ser\u00e1n posibles con la suma de esfuerzos entre Gobierno, Universidad, sociedad e iniciativa privada, de ah\u00ed que desde esta casa de estudios trabajamos para generar una cultura ambiental\u201d. El tema medioambiental es uno de los ejes transversales de su administraci\u00f3n.<\/p>\n<p>Dijo que precisamente esa ma\u00f1ana se hab\u00eda presentado a la comunidad universitaria el Sistema Institucional de Gesti\u00f3n Ambiental (SIGA), \u201ca trav\u00e9s del cual estructuramos los esfuerzos para incluir la agenda medioambiental en nuestras funciones de docencia, investigaci\u00f3n, extensi\u00f3n y gesti\u00f3n\u201d.<\/p>\n<p>Como universidad p\u00fablica, agreg\u00f3, \u201cestamos obligados a participar de forma activa en la atenci\u00f3n de los problemas sociales de mayor urgencia, buscando soluciones cada vez m\u00e1s sustentables y amigables con el medio ambiente, porque nuestro compromiso es la construcci\u00f3n de un entorno sostenible\u201d.<\/p>\n<p>La gobernadora Indira Vizca\u00edno Silva coment\u00f3 que estrategias como \u00e9stas tambi\u00e9n involucran a los municipios, ejidos e incluso propiedades privadas, \u201cpara poder entender a los ecosistemas y a partir de ah\u00ed generar planes de acci\u00f3n y estrategias que incentiven la conectividad biol\u00f3gica y privilegien los ecosistemas de la regi\u00f3n\u201d.<\/p>\n<p>La responsabilidad de su conservaci\u00f3n, resalt\u00f3, \u201cno s\u00f3lo es de los tres \u00f3rdenes de gobierno, sino tambi\u00e9n de instituciones de la sociedad civil, acad\u00e9micas, de las empresas privadas y de todos aquellos que deseen sumarse, que abonen compartiendo conocimiento, recursos, experiencias y esfuerzos de preservaci\u00f3n\u201d.<\/p>\n<p>\u201cEstamos a tiempo de dejar de lado cualquier asunto que nos divida y trabajar en conjunto por un bien com\u00fan y creo que pocos temas pueden unirnos de manera tan sincera como \u00e9ste. Es nuestra responsabilidad actuar con visi\u00f3n de largo plazo\u201d, concluy\u00f3.<\/p>\n<p>Finalmente, Mar\u00eda Isabel Ortiz, secretaria del Medio Ambiente y Ordenamiento Territorial del gobierno de Guanajuato y coordinadora del COBIOCOM, dijo que si bien hay otros corredores similares, \u201c\u00e9ste es el \u00fanico donde hay un proyecto articulador, con acciones muy concretas ante el cambio clim\u00e1tico, para conservar la biodiversidad y que integra al turismo\u201d.<\/p>\n<p>Es en esta reuni\u00f3n de Colima, dijo, \u201cdonde se busca plantear y aterrizar el proyecto mediante el cual se recuperen los ecosistemas altamente degradados por la cosecha de agave, berri y aguacate\u201d.<\/p>\n<p>\u201cM\u00e9xico es un pa\u00eds megadiverso -destac\u00f3-, con la mayor parte de plantas; estamos entre los 10 pa\u00edses con mayor riqueza y diversidad del planeta y eso es una responsabilidad. Debemos entender que la naturaleza no da premios ni castigos, que lo que vivimos ahora son consecuencia de nuestras acciones y que tenemos la oportunidad de generar consecuencias positivas\u201d.<\/p>\n<p>En el evento tambi\u00e9n estuvieron Jorge Padilla Castillo, Secretario de Turismo del Estado y Lina Po Alfaro, representante de la FAO en M\u00e9xico, as\u00ed como funcionarios de los estados de Nayarit, Aguascalientes, Zacatecas, San Luis Potos\u00ed, Guanajuato, Michoac\u00e1n, y Jalisco, adem\u00e1s de representantes de instituciones gubernamentales, tanto nacionales como internacionales y privadas.<\/p>\n<p>COBIOCOM es una iniciativa que agrupa a ocho estados del pa\u00eds, con la finalidad de conservar el patrimonio natural y lograr la conectividad biol\u00f3gica, as\u00ed como recuperar pr\u00e1cticas tradicionales de manejo y uso de la biodiversidad.<\/p>\n","protected":false},"excerpt":{"rendered":"<p>*El Centro de Gesti\u00f3n Ambiental fue sede de la Reuni\u00f3n de Enlaces T\u00e9cnicos 2023 del Corredor Biocultural del Centro Occidente de M\u00e9xico, que integran ocho estados y que busca conservar el patrimonio natural y lograr la conectividad biol\u00f3gica de la regi\u00f3n. El Centro de Gesti\u00f3n Ambiental (CEUGEA) de la Universidad de Colima, ubicado en la&#8230;<\/p>\n","protected":false},"author":2,"featured_media":27258,"comment_status":"open","ping_status":"open","sticky":false,"template":"","format":"standard","meta":{"footnotes":""},"categories":[14],"tags":[29,30,28],"class_list":["post-27257","post","type-post","status-publish","format-standard","has-post-thumbnail","hentry","category-educacion-y-cultura","tag-grid","tag-news","tag-slider"],"_links":{"self":[{"href":"http:\/\/elobservatorio.com.mx\/index.php?rest_route=\/wp\/v2\/posts\/27257"}],"collection":[{"href":"http:\/\/elobservatorio.com.mx\/index.php?rest_route=\/wp\/v2\/posts"}],"about":[{"href":"http:\/\/elobservatorio.com.mx\/index.php?rest_route=\/wp\/v2\/types\/post"}],"author":[{"embeddable":true,"href":"http:\/\/elobservatorio.com.mx\/index.php?rest_route=\/wp\/v2\/users\/2"}],"replies":[{"embeddable":true,"href":"http:\/\/elobservatorio.com.mx\/index.php?rest_route=%2Fwp%2Fv2%2Fcomments&post=27257"}],"version-history":[{"count":0,"href":"http:\/\/elobservatorio.com.mx\/index.php?rest_route=\/wp\/v2\/posts\/27257\/revisions"}],"wp:featuredmedia":[{"embeddable":true,"href":"http:\/\/elobservatorio.com.mx\/index.php?rest_route=\/wp\/v2\/media\/27258"}],"wp:attachment":[{"href":"http:\/\/elobservatorio.com.mx\/index.php?rest_route=%2Fwp%2Fv2%2Fmedia&parent=27257"}],"wp:term":[{"taxonomy":"category","embeddable":true,"href":"http:\/\/elobservatorio.com.mx\/index.php?rest_route=%2Fwp%2Fv2%2Fcategories&post=27257"},{"taxonomy":"post_tag","embeddable":true,"href":"http:\/\/elobservatorio.com.mx\/index.php?rest_route=%2Fwp%2Fv2%2Ftags&post=27257"}],"curies":[{"name":"wp","href":"https:\/\/api.w.org\/{rel}","templated":true}]}}