{"id":27262,"date":"2023-06-16T20:15:18","date_gmt":"2023-06-17T02:15:18","guid":{"rendered":"http:\/\/elobservatorio.com.mx\/?p=27262"},"modified":"2023-06-16T20:15:18","modified_gmt":"2023-06-17T02:15:18","slug":"suman-15-ecobrigadas-impulsadas-por-la-presidenta-municipal-margarita-moreno","status":"publish","type":"post","link":"http:\/\/elobservatorio.com.mx\/?p=27262","title":{"rendered":"Suman 15 Ecobrigadas impulsadas por la presidenta municipal Margarita Moreno"},"content":{"rendered":"<div dir=\"auto\"><em>*Con la participaci\u00f3n ciudadana se limpiaron los m\u00e1rgenes del Arroyo Manrique en la colonia Valle Dorado..<\/em><\/div>\n<div dir=\"auto\"><\/div>\n<div dir=\"auto\">Con el compromiso de trabajar en favor del medio ambiente, la presidenta municipal de Colima, Margarita Moreno, encabez\u00f3 la d\u00e9cimo quinta \u201cEcobrigada Intensiva\u201d que se realiza desde el inicio dela administraci\u00f3n, en la que integr\u00f3 a vecinas y vecinos de la colonia Valle Dorado, as\u00ed como organizaciones de la sociedad civil, quienes realizaron labores de limpieza y retiro de basura en el arroyo Manrique, de esta capital<\/div>\n<div dir=\"auto\"><\/div>\n<div dir=\"auto\">Margarita Moreno agradeci\u00f3 a las y los vecinos, as\u00ed como los trabajadores de Servicios P\u00fablicos del Ayuntamiento de Colima, quienes trabajaron en conjunto, a trav\u00e9s de estas brigadas ecol\u00f3gicas, cuyo objetivo es el rescate de los principales r\u00edos y arroyos de la capital del estado.<\/div>\n<div dir=\"auto\"><\/div>\n<div dir=\"auto\">La presidenta municipal pidi\u00f3 seguir cuidando los espacios p\u00fablicos, pero sobre todo mantenerlos limpios, pues dijo que la ciudad m\u00e1s limpia no es la que m\u00e1s se barre, sino la que menos se ensucia.<\/div>\n<div dir=\"auto\"><\/div>\n<div dir=\"auto\">Margarita Moreno afirm\u00f3 que ning\u00fan gobierno puede ni podr\u00e1 s\u00f3lo, por lo que s\u00f3lo trabajando en equipo y sumando esfuerzos conjuntos, como con estas Ecobrigadas, es como se podr\u00e1 construir el Colima que todos y todas deseamos.<\/div>\n<div dir=\"auto\"><\/div>\n<div dir=\"auto\">Por su parte, Nirvana Lizette Rocha Jim\u00e9nez, directora de Ecolog\u00eda y Medio Ambiente, destac\u00f3 que con este trabajo se conciencia sobre la importancia de la disminuci\u00f3n de la contaminaci\u00f3n de los r\u00edos y arroyos, al tiempo de que se hace part\u00edcipe a la ciudadan\u00eda en este trabajo.<\/div>\n<div dir=\"auto\"><\/div>\n<div dir=\"auto\">La directora de Servicios P\u00fablicos, Itzel Luna Corral, destac\u00f3 la colaboraci\u00f3n ciudadana en estas labores que coadyuvan a desazolvar los cauces \u00a0ante la proximidad del \u00a0temporal de lluvias reduciendo, de manera importante, el riesgo de taponamientos en los r\u00edos.<\/div>\n<div dir=\"auto\"><\/div>\n<div dir=\"auto\">En la realizaci\u00f3n de estas Ecobrigadas intensivas, Margarita Moreno estuvo acompa\u00f1ada de directivos y trabajadores del Ayuntamiento de Colima, as\u00ed como liderazgos de las colonias.<\/div>\n","protected":false},"excerpt":{"rendered":"<p>*Con la participaci\u00f3n ciudadana se limpiaron los m\u00e1rgenes del Arroyo Manrique en la colonia Valle Dorado.. Con el compromiso de trabajar en favor del medio ambiente, la presidenta municipal de Colima, Margarita Moreno, encabez\u00f3 la d\u00e9cimo quinta \u201cEcobrigada Intensiva\u201d que se realiza desde el inicio dela administraci\u00f3n, en la que integr\u00f3 a vecinas y vecinos&#8230;<\/p>\n","protected":false},"author":2,"featured_media":27263,"comment_status":"open","ping_status":"open","sticky":false,"template":"","format":"standard","meta":{"footnotes":""},"categories":[36,8],"tags":[29,30,28],"class_list":["post-27262","post","type-post","status-publish","format-standard","has-post-thumbnail","hentry","category-colima","category-municipios","tag-grid","tag-news","tag-slider"],"_links":{"self":[{"href":"http:\/\/elobservatorio.com.mx\/index.php?rest_route=\/wp\/v2\/posts\/27262"}],"collection":[{"href":"http:\/\/elobservatorio.com.mx\/index.php?rest_route=\/wp\/v2\/posts"}],"about":[{"href":"http:\/\/elobservatorio.com.mx\/index.php?rest_route=\/wp\/v2\/types\/post"}],"author":[{"embeddable":true,"href":"http:\/\/elobservatorio.com.mx\/index.php?rest_route=\/wp\/v2\/users\/2"}],"replies":[{"embeddable":true,"href":"http:\/\/elobservatorio.com.mx\/index.php?rest_route=%2Fwp%2Fv2%2Fcomments&post=27262"}],"version-history":[{"count":0,"href":"http:\/\/elobservatorio.com.mx\/index.php?rest_route=\/wp\/v2\/posts\/27262\/revisions"}],"wp:featuredmedia":[{"embeddable":true,"href":"http:\/\/elobservatorio.com.mx\/index.php?rest_route=\/wp\/v2\/media\/27263"}],"wp:attachment":[{"href":"http:\/\/elobservatorio.com.mx\/index.php?rest_route=%2Fwp%2Fv2%2Fmedia&parent=27262"}],"wp:term":[{"taxonomy":"category","embeddable":true,"href":"http:\/\/elobservatorio.com.mx\/index.php?rest_route=%2Fwp%2Fv2%2Fcategories&post=27262"},{"taxonomy":"post_tag","embeddable":true,"href":"http:\/\/elobservatorio.com.mx\/index.php?rest_route=%2Fwp%2Fv2%2Ftags&post=27262"}],"curies":[{"name":"wp","href":"https:\/\/api.w.org\/{rel}","templated":true}]}}