{"id":27265,"date":"2023-06-16T20:44:21","date_gmt":"2023-06-17T02:44:21","guid":{"rendered":"http:\/\/elobservatorio.com.mx\/?p=27265"},"modified":"2023-06-16T20:44:21","modified_gmt":"2023-06-17T02:44:21","slug":"instalan-en-la-udec-el-comite-de-vinculacion-sectorial-para-el-estado-de-colima","status":"publish","type":"post","link":"http:\/\/elobservatorio.com.mx\/?p=27265","title":{"rendered":"Instalan en la UdeC el Comit\u00e9 de Vinculaci\u00f3n Sectorial para el estado de Colima"},"content":{"rendered":"<p><em>\u201cLa Universidad de Colima se incorpora con mucho entusiasmo, responsabilidad y compromiso a trabajar en este comit\u00e9\u201d: Christian Torres Ortiz, rector.\u00a0 <\/em><\/p>\n<p>Para cumplir con las disposiciones de la nueva Ley General de Educaci\u00f3n Superior, que entr\u00f3 en vigor el pasado 21 de abril de 2021, las Instituciones de Educaci\u00f3n Superior (IES) de la entidad y la Secretar\u00eda de Educaci\u00f3n y Cultura de Colima instalaron este viernes el Comit\u00e9 de Vinculaci\u00f3n Sectorial, en la Sala de Rectores de la Universidad de Colima.<\/p>\n<p>Este comit\u00e9 tiene como prop\u00f3sito reforzar las estrategias y acciones emprendidas por la Secretar\u00eda de Educaci\u00f3n P\u00fablica, mediante la vinculaci\u00f3n y coordinaci\u00f3n con las instituciones educativas federales y organismos descentralizados en el estado, para asegurar la correcta ejecuci\u00f3n, operaci\u00f3n y seguimiento de los programas implementados por la federaci\u00f3n.<\/p>\n<p>Al dar la bienvenida, Christian Jorge Torres Ortiz Zerme\u00f1o, rector de la UdeC se\u00f1al\u00f3 que \u201ceste comit\u00e9 lo que va a demandar es un trabajo interinstitucional; en ese sentido, la Universidad de Colima se incorpora con mucho entusiasmo, responsabilidad y compromiso\u201d.<\/p>\n<p>Para explicar las funciones del Comit\u00e9, Teresa de Jes\u00fas Ram\u00edrez, titular de la Oficina de Enlace Educativo en Colima, dijo que \u00e9ste se est\u00e1 integrando \u201cpara generar las condiciones \u00f3ptimas de reforzamiento y de acciones emprendidas por la Secretar\u00eda de Educaci\u00f3n P\u00fablica, mediante la vinculaci\u00f3n y coordinaci\u00f3n con las instituciones educativas federales y organismos descentralizados en el estado asegurando, de esta manera, la correcta ejecuci\u00f3n, operaci\u00f3n y seguimiento de los programas implementados por la federaci\u00f3n\u201d.<\/p>\n<p>Una vez instalado el Comit\u00e9, Adolfo N\u00fa\u00f1ez Gonz\u00e1lez, secretario de Educaci\u00f3n y Cultura en representaci\u00f3n de la gobernadora Indira Vizca\u00edno Silva, coment\u00f3 que, sin duda, \u201ceste comit\u00e9 servir\u00e1 para trabajar en equipo en favor de la educaci\u00f3n Media Superior y Superior en el estado; sabemos que cada una de las instituciones tiene sus lineamientos, sus programas y proyectos, pero lo que nos une, en este caso, es la preparaci\u00f3n y la educaci\u00f3n de nuestros j\u00f3venes y adolescentes\u201d.<\/p>\n<p>&nbsp;<\/p>\n","protected":false},"excerpt":{"rendered":"<p>\u201cLa Universidad de Colima se incorpora con mucho entusiasmo, responsabilidad y compromiso a trabajar en este comit\u00e9\u201d: Christian Torres Ortiz, rector.\u00a0 Para cumplir con las disposiciones de la nueva Ley General de Educaci\u00f3n Superior, que entr\u00f3 en vigor el pasado 21 de abril de 2021, las Instituciones de Educaci\u00f3n Superior (IES) de la entidad y&#8230;<\/p>\n","protected":false},"author":2,"featured_media":27266,"comment_status":"open","ping_status":"open","sticky":false,"template":"","format":"standard","meta":{"footnotes":""},"categories":[14],"tags":[29,30,28],"class_list":["post-27265","post","type-post","status-publish","format-standard","has-post-thumbnail","hentry","category-educacion-y-cultura","tag-grid","tag-news","tag-slider"],"_links":{"self":[{"href":"http:\/\/elobservatorio.com.mx\/index.php?rest_route=\/wp\/v2\/posts\/27265"}],"collection":[{"href":"http:\/\/elobservatorio.com.mx\/index.php?rest_route=\/wp\/v2\/posts"}],"about":[{"href":"http:\/\/elobservatorio.com.mx\/index.php?rest_route=\/wp\/v2\/types\/post"}],"author":[{"embeddable":true,"href":"http:\/\/elobservatorio.com.mx\/index.php?rest_route=\/wp\/v2\/users\/2"}],"replies":[{"embeddable":true,"href":"http:\/\/elobservatorio.com.mx\/index.php?rest_route=%2Fwp%2Fv2%2Fcomments&post=27265"}],"version-history":[{"count":0,"href":"http:\/\/elobservatorio.com.mx\/index.php?rest_route=\/wp\/v2\/posts\/27265\/revisions"}],"wp:featuredmedia":[{"embeddable":true,"href":"http:\/\/elobservatorio.com.mx\/index.php?rest_route=\/wp\/v2\/media\/27266"}],"wp:attachment":[{"href":"http:\/\/elobservatorio.com.mx\/index.php?rest_route=%2Fwp%2Fv2%2Fmedia&parent=27265"}],"wp:term":[{"taxonomy":"category","embeddable":true,"href":"http:\/\/elobservatorio.com.mx\/index.php?rest_route=%2Fwp%2Fv2%2Fcategories&post=27265"},{"taxonomy":"post_tag","embeddable":true,"href":"http:\/\/elobservatorio.com.mx\/index.php?rest_route=%2Fwp%2Fv2%2Ftags&post=27265"}],"curies":[{"name":"wp","href":"https:\/\/api.w.org\/{rel}","templated":true}]}}