{"id":27268,"date":"2023-06-16T20:56:53","date_gmt":"2023-06-17T02:56:53","guid":{"rendered":"http:\/\/elobservatorio.com.mx\/?p=27268"},"modified":"2023-06-16T20:56:53","modified_gmt":"2023-06-17T02:56:53","slug":"inician-rector-y-exrectores-festejos-rumbo-al-50-aniversario-de-la-facultad-de-ciencias-de-la-educacion","status":"publish","type":"post","link":"http:\/\/elobservatorio.com.mx\/?p=27268","title":{"rendered":"Inician rector y exrectores festejos rumbo al 50  aniversario de la Facultad de Ciencias de la Educaci\u00f3n"},"content":{"rendered":"<p><em>*Este plantel \u201cbrinda opciones acad\u00e9micas s\u00f3lidas distribuidas en tres programas educativos y un posgrado, lo que habla de la madurez acad\u00e9mica y de las aportaciones que pueden hacer\u201d: Chistian Torres Ortiz<\/em><\/p>\n<p>Este viernes inici\u00f3 en la Facultad de Ciencias de la Educaci\u00f3n de la Universidad de Colima un ciclo de actividades acad\u00e9micas que concluir\u00e1 el a\u00f1o pr\u00f3ximo, cuando el plantel, que en sus inicios fue la Escuela Superior de Ciencias de la Educaci\u00f3n (ESCE) cumpla 50 a\u00f1os. La primera actividad fue el foro \u201cInicio, transici\u00f3n y perspectivas\u201d, en el que participaron los exrectores Fernando Moreno Pe\u00f1a, Carlos Salazar Silva y el rector Christian Jorge Torres Ortiz Zerme\u00f1o.<\/p>\n<p>Mart\u00edn Vargas Elizondo, director del plantel, en su mensaje de bienvenida adelant\u00f3 que, a lo largo del a\u00f1o, habr\u00e1 diversas actividades acad\u00e9micas, de investigaci\u00f3n, vinculaci\u00f3n y culturales y deportivas.<\/p>\n<p>Sobre la historia de este plantel, dijo que se cre\u00f3 el 14 de junio de 1974 a iniciativa del entonces rector Alberto Herrera Carrillo. A lo largo de su trayectoria, la ESCE se distingui\u00f3 por capacitar a docentes de Colima y de muchos estados del pa\u00eds. En 1995 se convirti\u00f3 en la Facultad de Ciencias de la Educaci\u00f3n. Finalmente, manifest\u00f3 el compromiso de mantener la ruta ascendente de la FCE \u201ccon la visi\u00f3n de contribuir en la formaci\u00f3n integral del estudiantado mediante programas educativos reconocidos y acreditados por su calidad\u201d.<\/p>\n<p>En la bienvenida, se le entreg\u00f3 un reconocimiento a la alumna Mar\u00eda Fernanda Mart\u00ednez Hern\u00e1ndez por hacer el dise\u00f1o original que se utilizar\u00e1 en todas las actividades preparatorias del 50 aniversario. Tambi\u00e9n proyectaron un video sobre la historia del plantel, con entrevistas a exrectores, docentes y alumnos, elaborado por Televisi\u00f3n Universitaria.<\/p>\n<p>Durante el foro, el exrector Fernando Moreno Pe\u00f1a habl\u00f3 de los or\u00edgenes del este plantel, que tuvo su mayor difusi\u00f3n en el periodo de Humberto Silva Ochoa, \u201cquien influy\u00f3 en la idea que la Universidad deber\u00eda ofrecer la formaci\u00f3n de profesores como parte de la trayectoria pedag\u00f3gica del estado\u201d.<\/p>\n<p>Destac\u00f3 que \u00e9l personalmente tiene la distinci\u00f3n de ser el \u00fanico egresado de la ESCE que lleg\u00f3 a ser rector. All\u00ed curs\u00f3 la Licenciatura en Historia. Como rector, en 1995 gestion\u00f3 el tr\u00e1nsito de escuela a facultad y, al llegar al Gobierno del Estado, apoy\u00f3 para que el espacio que ocupaba la Escuela Secundaria T\u00e9cnica 25 fuera asignado a la hoy Facultad de Ciencias, durante el tiempo como rector de Carlos Salazar Silva.<\/p>\n<p>De igual manera, resalt\u00f3 dos aspectos fundamentales de la hoy FCE: el primero, \u201cque permiti\u00f3 que las mujeres tuviesen la oportunidad de estudiar una licenciatura sin salir del estado, lo que contribuy\u00f3 a su desarrollo desde el punto de vista profesional\u201d; el segundo, \u201cque ayud\u00f3 a que los profesores hicieran una carrera docente para obtener un mejor salario\u201d.<\/p>\n<p>Como parte de esta trayectoria, record\u00f3 que con los maestros y egresados de esta facultad se editaron los libros de texto del bachillerato, lo cual fue una contribuci\u00f3n importante.<\/p>\n<p>Sobre la transici\u00f3n, el exrector Carlos Salazar Silva dijo que, para la UdeC, dicho plantel \u201crepresenta el cumplimiento de anhelos y expectativas de superaci\u00f3n acad\u00e9mica y econ\u00f3mica\u201d; asimismo, reconoci\u00f3 la visi\u00f3n de quienes participaron en el arranque del proyecto, gracias al cual se han desarrollado maestros del estado y de otras entidades federativas.<\/p>\n<p>Narr\u00f3 varias an\u00e9cdotas sobre los or\u00edgenes del la entonces ESCE, de c\u00f3mo con poco se hac\u00eda mucho, gracias sobre todo a la entrega de las personas responsables del plantel y a\u00f1adi\u00f3 que \u201cla calidad educativa de la Universidad le ha permitido ser l\u00edder en aspectos acad\u00e9micos a partir de las evaluaciones externas y ser referente para otras universidades del pa\u00eds\u201d, y que las universidades p\u00fablicas tienen la oportunidad de transformar positivamente a las y los j\u00f3venes al estimular en ellos la superaci\u00f3n personal.<\/p>\n<p>Cerr\u00f3 el foro el rector Christian Torres Ortiz, invitando a quienes forman parte de esta comunidad a reflexionar y revisar la pertinencia de los programas de estudio que hoy en d\u00eda tiene la Facultad de Ciencias de la Educaci\u00f3n.<\/p>\n<p>Coment\u00f3 que, a 50 a\u00f1os de su fundaci\u00f3n, este plantel \u201cbrinda opciones acad\u00e9micas s\u00f3lidas distribuidas en tres programas educativos y un posgrado, lo que habla de la madurez acad\u00e9mica y de las aportaciones que pueden hacer\u201d. Se\u00f1al\u00f3 que sus programas educativos tienen, en su origen, el formar especialistas en la ense\u00f1anza y que, en este sentido, la aportaci\u00f3n de sus egresados tiene un papel determinante.<\/p>\n<p>Tambi\u00e9n destac\u00f3 las aportaciones de la facultad al deporte en el estado, la regi\u00f3n y pa\u00eds mediante la pr\u00e1ctica y ense\u00f1anza de egresados y profesores, \u201cpues mantienen puentes con la Facultad de Pedagog\u00eda y la Direcci\u00f3n General de Educaci\u00f3n F\u00edsica y Deporte a trav\u00e9s del intercambio de experiencias y trabajos\u201d. Asimismo, mencion\u00f3 que en tema de la inclusi\u00f3n \u201csus aportaciones ser\u00e1n transcendentales\u201d.<\/p>\n<p>Al evento tambi\u00e9n asistieron los exrectores Miguel \u00c1ngel Aguayo L\u00f3pez, Ram\u00f3n Cedillo Nakay y Jos\u00e9 Eduardo Hern\u00e1ndez Nava, as\u00ed como las exdirectoras Rosario Salazar Silva y Tamara Medina Valencia, adem\u00e1s de estudiantes, profesores y egresados.<\/p>\n<p>&nbsp;<\/p>\n","protected":false},"excerpt":{"rendered":"<p>*Este plantel \u201cbrinda opciones acad\u00e9micas s\u00f3lidas distribuidas en tres programas educativos y un posgrado, lo que habla de la madurez acad\u00e9mica y de las aportaciones que pueden hacer\u201d: Chistian Torres Ortiz Este viernes inici\u00f3 en la Facultad de Ciencias de la Educaci\u00f3n de la Universidad de Colima un ciclo de actividades acad\u00e9micas que concluir\u00e1 el&#8230;<\/p>\n","protected":false},"author":2,"featured_media":27269,"comment_status":"open","ping_status":"open","sticky":false,"template":"","format":"standard","meta":{"footnotes":""},"categories":[14],"tags":[29,30,28],"class_list":["post-27268","post","type-post","status-publish","format-standard","has-post-thumbnail","hentry","category-educacion-y-cultura","tag-grid","tag-news","tag-slider"],"_links":{"self":[{"href":"http:\/\/elobservatorio.com.mx\/index.php?rest_route=\/wp\/v2\/posts\/27268"}],"collection":[{"href":"http:\/\/elobservatorio.com.mx\/index.php?rest_route=\/wp\/v2\/posts"}],"about":[{"href":"http:\/\/elobservatorio.com.mx\/index.php?rest_route=\/wp\/v2\/types\/post"}],"author":[{"embeddable":true,"href":"http:\/\/elobservatorio.com.mx\/index.php?rest_route=\/wp\/v2\/users\/2"}],"replies":[{"embeddable":true,"href":"http:\/\/elobservatorio.com.mx\/index.php?rest_route=%2Fwp%2Fv2%2Fcomments&post=27268"}],"version-history":[{"count":0,"href":"http:\/\/elobservatorio.com.mx\/index.php?rest_route=\/wp\/v2\/posts\/27268\/revisions"}],"wp:featuredmedia":[{"embeddable":true,"href":"http:\/\/elobservatorio.com.mx\/index.php?rest_route=\/wp\/v2\/media\/27269"}],"wp:attachment":[{"href":"http:\/\/elobservatorio.com.mx\/index.php?rest_route=%2Fwp%2Fv2%2Fmedia&parent=27268"}],"wp:term":[{"taxonomy":"category","embeddable":true,"href":"http:\/\/elobservatorio.com.mx\/index.php?rest_route=%2Fwp%2Fv2%2Fcategories&post=27268"},{"taxonomy":"post_tag","embeddable":true,"href":"http:\/\/elobservatorio.com.mx\/index.php?rest_route=%2Fwp%2Fv2%2Ftags&post=27268"}],"curies":[{"name":"wp","href":"https:\/\/api.w.org\/{rel}","templated":true}]}}