{"id":2727,"date":"2019-03-05T02:46:24","date_gmt":"2019-03-05T02:46:24","guid":{"rendered":"http:\/\/elobservatorio.com.mx\/preside-secretario-de-la-comuna-ceremonia-civica-en-jardin-de-ninos-de-madrid"},"modified":"2019-03-05T02:46:24","modified_gmt":"2019-03-05T02:46:24","slug":"preside-secretario-de-la-comuna-ceremonia-civica-en-jardin-de-ninos-de-madrid","status":"publish","type":"post","link":"http:\/\/elobservatorio.com.mx\/?p=2727","title":{"rendered":"Preside secretario de la comuna ceremonia c\u00edvica en jard\u00edn de ni\u00f1os de Madrid"},"content":{"rendered":"<p>Con la finalidad de coadyuvar en el fortalecimiento de los valores c\u00edvicos; el Presidente Municipal El\u00edas Antonio Lozano Ochoa, est\u00e1 promoviendo un acercamiento con los ni\u00f1os y ni\u00f1as de los diferentes planteles educativos del municipio, a fin de asistir el primer lunes de cada mes a una escuela y junto con funcionarios de su administraci\u00f3n, s\u00edndico y regidores de la comuna, establecer un di\u00e1logo con maestros y alumnos.<\/p>\n<p>De esta manera la ma\u00f1ana de \u00e9ste lunes el Secretario del H. Ayuntamiento Humberto Uribe Godinez en representaci\u00f3n del alcalde y acompa\u00f1ado de la regidora Presidenta de la Comisi\u00f3n de Educaci\u00f3n y Cultura Karent Medina Machuca y de la tambi\u00e9n regidora Ma. Rosa Quintana Ram\u00edrez; acudieron al Jard\u00edn de Ni\u00f1os \u00abRicardo Flores Mag\u00f3n\u00bb en la comunidad de Madrid.<\/p>\n<p>En el lugar el Secretario de la comuna, resalt\u00f3 que el inter\u00e9s del alcalde es fortalecer los lazos entre el gobierno municipal y las instituciones educativas, con la intenci\u00f3n de establecer un contacto directo y poder apoyarlos en las necesidades que presentan; pero fundamentalmente promover el respeto a nuestros s\u00edmbolos patrios \u00ablas puertas del Ayuntamiento est\u00e1n abiertas para atender las necesidades que tienen y que en la medida de nuestras posibilidades, estamos con toda la disposici\u00f3n de apoyarles\u00bb.<\/p>\n<p>Al lugar asistieron adem\u00e1s el Tesorero de la comuna J. Jes\u00fas Rojas Ferm\u00edn, el Contralor Salvador Casta\u00f1eda Meill\u00f3n, el Director de Atenci\u00f3n Ciudadana Efra\u00edn D\u00edaz Guti\u00e9rrez, el Subdirector de Educaci\u00f3n y Cultura Jorge Salmer\u00f3n y el Presidente de la Junta Municipal de Madrid, Antonio Michel Granados.<\/p>\n","protected":false},"excerpt":{"rendered":"<p>Con la finalidad de coadyuvar en el fortalecimiento de los valores c\u00edvicos; el Presidente Municipal El\u00edas Antonio Lozano Ochoa, est\u00e1 promoviendo un acercamiento con los ni\u00f1os y ni\u00f1as de los diferentes planteles educativos del municipio, a fin de asistir el primer lunes de cada mes a una escuela y junto con funcionarios de su administraci\u00f3n,&#8230;<\/p>\n","protected":false},"author":2,"featured_media":2728,"comment_status":"open","ping_status":"open","sticky":false,"template":"","format":"standard","meta":{"footnotes":""},"categories":[8,34],"tags":[29,30,28],"class_list":["post-2727","post","type-post","status-publish","format-standard","has-post-thumbnail","hentry","category-municipios","category-tecoman","tag-grid","tag-news","tag-slider"],"_links":{"self":[{"href":"http:\/\/elobservatorio.com.mx\/index.php?rest_route=\/wp\/v2\/posts\/2727"}],"collection":[{"href":"http:\/\/elobservatorio.com.mx\/index.php?rest_route=\/wp\/v2\/posts"}],"about":[{"href":"http:\/\/elobservatorio.com.mx\/index.php?rest_route=\/wp\/v2\/types\/post"}],"author":[{"embeddable":true,"href":"http:\/\/elobservatorio.com.mx\/index.php?rest_route=\/wp\/v2\/users\/2"}],"replies":[{"embeddable":true,"href":"http:\/\/elobservatorio.com.mx\/index.php?rest_route=%2Fwp%2Fv2%2Fcomments&post=2727"}],"version-history":[{"count":0,"href":"http:\/\/elobservatorio.com.mx\/index.php?rest_route=\/wp\/v2\/posts\/2727\/revisions"}],"wp:featuredmedia":[{"embeddable":true,"href":"http:\/\/elobservatorio.com.mx\/index.php?rest_route=\/wp\/v2\/media\/2728"}],"wp:attachment":[{"href":"http:\/\/elobservatorio.com.mx\/index.php?rest_route=%2Fwp%2Fv2%2Fmedia&parent=2727"}],"wp:term":[{"taxonomy":"category","embeddable":true,"href":"http:\/\/elobservatorio.com.mx\/index.php?rest_route=%2Fwp%2Fv2%2Fcategories&post=2727"},{"taxonomy":"post_tag","embeddable":true,"href":"http:\/\/elobservatorio.com.mx\/index.php?rest_route=%2Fwp%2Fv2%2Ftags&post=2727"}],"curies":[{"name":"wp","href":"https:\/\/api.w.org\/{rel}","templated":true}]}}