{"id":27271,"date":"2023-06-16T21:28:59","date_gmt":"2023-06-17T03:28:59","guid":{"rendered":"http:\/\/elobservatorio.com.mx\/?p=27271"},"modified":"2023-06-16T21:30:16","modified_gmt":"2023-06-17T03:30:16","slug":"participa-mitoteliztli-en-festival-nacional-de-folklore","status":"publish","type":"post","link":"http:\/\/elobservatorio.com.mx\/?p=27271","title":{"rendered":"Participa Mitoteliztli en Festival Nacional de Folklore"},"content":{"rendered":"<p>En d\u00edas pasados, el Ballet Folkl\u00f3rico Mitoteliztli de la delegaci\u00f3n universitaria de Tecom\u00e1n, asisti\u00f3 representando a la Universidad de Colima al Festival Nacional de Folklore en Ixtapa-Zihuatanejo 2023, Guerrero, donde compartieron escenario con varias agrupaciones destacadas provenientes de distintos estados del pa\u00eds.<\/p>\n<p>&nbsp;<\/p>\n","protected":false},"excerpt":{"rendered":"<p>En d\u00edas pasados, el Ballet Folkl\u00f3rico Mitoteliztli de la delegaci\u00f3n universitaria de Tecom\u00e1n, asisti\u00f3 representando a la Universidad de Colima al Festival Nacional de Folklore en Ixtapa-Zihuatanejo 2023, Guerrero, donde compartieron escenario con varias agrupaciones destacadas provenientes de distintos estados del pa\u00eds. &nbsp;<\/p>\n","protected":false},"author":2,"featured_media":27272,"comment_status":"open","ping_status":"open","sticky":false,"template":"","format":"standard","meta":{"footnotes":""},"categories":[19],"tags":[29,30,28],"class_list":["post-27271","post","type-post","status-publish","format-standard","has-post-thumbnail","hentry","category-fotonotas","tag-grid","tag-news","tag-slider"],"_links":{"self":[{"href":"http:\/\/elobservatorio.com.mx\/index.php?rest_route=\/wp\/v2\/posts\/27271"}],"collection":[{"href":"http:\/\/elobservatorio.com.mx\/index.php?rest_route=\/wp\/v2\/posts"}],"about":[{"href":"http:\/\/elobservatorio.com.mx\/index.php?rest_route=\/wp\/v2\/types\/post"}],"author":[{"embeddable":true,"href":"http:\/\/elobservatorio.com.mx\/index.php?rest_route=\/wp\/v2\/users\/2"}],"replies":[{"embeddable":true,"href":"http:\/\/elobservatorio.com.mx\/index.php?rest_route=%2Fwp%2Fv2%2Fcomments&post=27271"}],"version-history":[{"count":0,"href":"http:\/\/elobservatorio.com.mx\/index.php?rest_route=\/wp\/v2\/posts\/27271\/revisions"}],"wp:featuredmedia":[{"embeddable":true,"href":"http:\/\/elobservatorio.com.mx\/index.php?rest_route=\/wp\/v2\/media\/27272"}],"wp:attachment":[{"href":"http:\/\/elobservatorio.com.mx\/index.php?rest_route=%2Fwp%2Fv2%2Fmedia&parent=27271"}],"wp:term":[{"taxonomy":"category","embeddable":true,"href":"http:\/\/elobservatorio.com.mx\/index.php?rest_route=%2Fwp%2Fv2%2Fcategories&post=27271"},{"taxonomy":"post_tag","embeddable":true,"href":"http:\/\/elobservatorio.com.mx\/index.php?rest_route=%2Fwp%2Fv2%2Ftags&post=27271"}],"curies":[{"name":"wp","href":"https:\/\/api.w.org\/{rel}","templated":true}]}}