{"id":27277,"date":"2023-06-16T22:13:35","date_gmt":"2023-06-17T04:13:35","guid":{"rendered":"http:\/\/elobservatorio.com.mx\/?p=27277"},"modified":"2023-06-16T22:13:35","modified_gmt":"2023-06-17T04:13:35","slug":"sofocan-pc-de-la-villa-y-bomberos-colima-incendio-en-el-chivato","status":"publish","type":"post","link":"http:\/\/elobservatorio.com.mx\/?p=27277","title":{"rendered":"Sofocan PC de la Villa y Bomberos Colima incendio en El Chivato"},"content":{"rendered":"<p><em>*Quema de pastizal en seis hect\u00e1reas<\/em><\/p>\n<p>Villa de \u00c1lvarez, Col.- La tarde de este viernes, personal de la Unidad Municipal de Protecci\u00f3n Civil Villa de \u00c1lvarez, con apoyo de Bomberos Colima, sofoc\u00f3 un incendio de pastizal en la comunidad de El Chivato.<\/p>\n<p>El fuego, que se extendi\u00f3 en una superficie aproximada de seis hect\u00e1reas, no dej\u00f3 personas lesionadas ni p\u00e9rdidas materiales.<\/p>\n","protected":false},"excerpt":{"rendered":"<p>*Quema de pastizal en seis hect\u00e1reas Villa de \u00c1lvarez, Col.- La tarde de este viernes, personal de la Unidad Municipal de Protecci\u00f3n Civil Villa de \u00c1lvarez, con apoyo de Bomberos Colima, sofoc\u00f3 un incendio de pastizal en la comunidad de El Chivato. El fuego, que se extendi\u00f3 en una superficie aproximada de seis hect\u00e1reas, no&#8230;<\/p>\n","protected":false},"author":2,"featured_media":27278,"comment_status":"open","ping_status":"open","sticky":false,"template":"","format":"standard","meta":{"footnotes":""},"categories":[8,42],"tags":[29,30,28],"class_list":["post-27277","post","type-post","status-publish","format-standard","has-post-thumbnail","hentry","category-municipios","category-villa-de-alvarez","tag-grid","tag-news","tag-slider"],"_links":{"self":[{"href":"http:\/\/elobservatorio.com.mx\/index.php?rest_route=\/wp\/v2\/posts\/27277"}],"collection":[{"href":"http:\/\/elobservatorio.com.mx\/index.php?rest_route=\/wp\/v2\/posts"}],"about":[{"href":"http:\/\/elobservatorio.com.mx\/index.php?rest_route=\/wp\/v2\/types\/post"}],"author":[{"embeddable":true,"href":"http:\/\/elobservatorio.com.mx\/index.php?rest_route=\/wp\/v2\/users\/2"}],"replies":[{"embeddable":true,"href":"http:\/\/elobservatorio.com.mx\/index.php?rest_route=%2Fwp%2Fv2%2Fcomments&post=27277"}],"version-history":[{"count":0,"href":"http:\/\/elobservatorio.com.mx\/index.php?rest_route=\/wp\/v2\/posts\/27277\/revisions"}],"wp:featuredmedia":[{"embeddable":true,"href":"http:\/\/elobservatorio.com.mx\/index.php?rest_route=\/wp\/v2\/media\/27278"}],"wp:attachment":[{"href":"http:\/\/elobservatorio.com.mx\/index.php?rest_route=%2Fwp%2Fv2%2Fmedia&parent=27277"}],"wp:term":[{"taxonomy":"category","embeddable":true,"href":"http:\/\/elobservatorio.com.mx\/index.php?rest_route=%2Fwp%2Fv2%2Fcategories&post=27277"},{"taxonomy":"post_tag","embeddable":true,"href":"http:\/\/elobservatorio.com.mx\/index.php?rest_route=%2Fwp%2Fv2%2Ftags&post=27277"}],"curies":[{"name":"wp","href":"https:\/\/api.w.org\/{rel}","templated":true}]}}