{"id":27287,"date":"2023-06-17T18:10:05","date_gmt":"2023-06-18T00:10:05","guid":{"rendered":"http:\/\/elobservatorio.com.mx\/?p=27287"},"modified":"2023-06-17T18:10:05","modified_gmt":"2023-06-18T00:10:05","slug":"litoral-festeja-con-concierto-40-aniversario-de-la-fcam","status":"publish","type":"post","link":"http:\/\/elobservatorio.com.mx\/?p=27287","title":{"rendered":"Litoral festeja con concierto 40 aniversario de la FCAM"},"content":{"rendered":"<p><em>*Uno de los mejores momentos de la noche fue durante la interpretaci\u00f3n de \u201cFina estampa\u201d, de la cantautora peruana Mar\u00eda Isabel Granda y Larco, Chabuca Granda.<\/em><\/p>\n<p>Con actividades acad\u00e9micas y un concierto final a cargo de Litoral, grupo de m\u00fasica latinoamericana, festej\u00f3 su 40 aniversario la Facultad de Contabilidad y Administraci\u00f3n de Manzanillo (FCAM) de la Universidad de Colima.<\/p>\n<p>Bajo la direcci\u00f3n de Luis Enrique Navarro Litoral ofreci\u00f3, entre otras canciones, \u201cYo vengo a ofrecer mi coraz\u00f3n\u201d, de Fito P\u00e1ez; \u201cFrenes\u00ed\u201d, de Alberto Dom\u00ednguez Borr\u00e1s; \u201cBoquita de cereza\u201d, de Gilberto Rojas Enr\u00edquez; \u201cEn mi viejo San Juan\u201d, de Noel Estrada; \u201cEl c\u00f3ndor pasa\u201d, de Daniel Alomia Robles y Manuel Clavero, y \u201cMacondo\u201d, de Daniel Camino Diez-Canseco, esto n l Centro Universitario de Bellas Artes Manzanillo.<\/p>\n<p>Uno de los mejores momentos de la noche fue la interpretaci\u00f3n de \u201cFina estampa\u201d, de la cantautora peruana Mar\u00eda Isabel Granda y Larco, conocida como Chabuca Granda. Esta obra fue ovacionada con emoci\u00f3n y suspiros por la audiencia. El concierto cont\u00f3 con la participaci\u00f3n estelar de la cantante colimense Viridiana Barocio, una voz que cautiv\u00f3 los o\u00eddos de la audiencia.<\/p>\n<p>Durante esta presentaci\u00f3n, se invit\u00f3 al escenario al m\u00fasico Jorge Hern\u00e1ndez, uno de los fundadores de Litoral y quien radica en Manzanillo como promotor cultural y maestro. En armon\u00eda, juntos interpretaron obras significativas para el repertorio de este grupo.<\/p>\n<p>La directora del plantel, Sof\u00eda Hern\u00e1ndez, dijo que este aniversario significa un momento especial para todos y todas: \u201cEstamos muy felices por compartir este homenaje a la facultad, gracias a Litoral por este concierto\u201d.<\/p>\n<p>Ana Mar\u00eda Gallardo V\u00e1zquez, delegada de la UdeC en Manzanillo, en representaci\u00f3n del rector expres\u00f3 una felicitaci\u00f3n a la facultad y a Litoral: \u201cNos da mucho gusto escucharlos y sobre todo tener la oportunidad de celebrar estos 40 a\u00f1os de la FCAM; no se puede concebir el desarrollo portuario y econ\u00f3mico que ha tenido Manzanillo sin la presencia de este plantel\u201d.<\/p>\n<p>Al concierto tambi\u00e9n asistieron Gilda Callejas, directora general de Difusi\u00f3n Cultural; Nohema Larios, directora del CUBAM; Gabriela Sandoval, directora del Bachillerato 9, y \u00c1ngela Rivera, directora del Bachillerato 27, as\u00ed como estudiantes del plantel y p\u00fablico en general.<\/p>\n<p>&nbsp;<\/p>\n","protected":false},"excerpt":{"rendered":"<p>*Uno de los mejores momentos de la noche fue durante la interpretaci\u00f3n de \u201cFina estampa\u201d, de la cantautora peruana Mar\u00eda Isabel Granda y Larco, Chabuca Granda. Con actividades acad\u00e9micas y un concierto final a cargo de Litoral, grupo de m\u00fasica latinoamericana, festej\u00f3 su 40 aniversario la Facultad de Contabilidad y Administraci\u00f3n de Manzanillo (FCAM) de&#8230;<\/p>\n","protected":false},"author":2,"featured_media":27288,"comment_status":"open","ping_status":"open","sticky":false,"template":"","format":"standard","meta":{"footnotes":""},"categories":[14],"tags":[29,30,28],"class_list":["post-27287","post","type-post","status-publish","format-standard","has-post-thumbnail","hentry","category-educacion-y-cultura","tag-grid","tag-news","tag-slider"],"_links":{"self":[{"href":"http:\/\/elobservatorio.com.mx\/index.php?rest_route=\/wp\/v2\/posts\/27287"}],"collection":[{"href":"http:\/\/elobservatorio.com.mx\/index.php?rest_route=\/wp\/v2\/posts"}],"about":[{"href":"http:\/\/elobservatorio.com.mx\/index.php?rest_route=\/wp\/v2\/types\/post"}],"author":[{"embeddable":true,"href":"http:\/\/elobservatorio.com.mx\/index.php?rest_route=\/wp\/v2\/users\/2"}],"replies":[{"embeddable":true,"href":"http:\/\/elobservatorio.com.mx\/index.php?rest_route=%2Fwp%2Fv2%2Fcomments&post=27287"}],"version-history":[{"count":0,"href":"http:\/\/elobservatorio.com.mx\/index.php?rest_route=\/wp\/v2\/posts\/27287\/revisions"}],"wp:featuredmedia":[{"embeddable":true,"href":"http:\/\/elobservatorio.com.mx\/index.php?rest_route=\/wp\/v2\/media\/27288"}],"wp:attachment":[{"href":"http:\/\/elobservatorio.com.mx\/index.php?rest_route=%2Fwp%2Fv2%2Fmedia&parent=27287"}],"wp:term":[{"taxonomy":"category","embeddable":true,"href":"http:\/\/elobservatorio.com.mx\/index.php?rest_route=%2Fwp%2Fv2%2Fcategories&post=27287"},{"taxonomy":"post_tag","embeddable":true,"href":"http:\/\/elobservatorio.com.mx\/index.php?rest_route=%2Fwp%2Fv2%2Ftags&post=27287"}],"curies":[{"name":"wp","href":"https:\/\/api.w.org\/{rel}","templated":true}]}}