{"id":27371,"date":"2023-06-26T14:42:16","date_gmt":"2023-06-26T20:42:16","guid":{"rendered":"http:\/\/elobservatorio.com.mx\/?p=27371"},"modified":"2023-06-26T14:42:16","modified_gmt":"2023-06-26T20:42:16","slug":"anuncia-tey-gutierrez-pruebas-gratis-para-detectar-cancer-de-prostata","status":"publish","type":"post","link":"http:\/\/elobservatorio.com.mx\/?p=27371","title":{"rendered":"Anuncia Tey Guti\u00e9rrez pruebas gratis para detectar c\u00e1ncer de pr\u00f3stata"},"content":{"rendered":"<p><em>*Aplicar\u00e1n el mi\u00e9rcoles 150 pruebas de ant\u00edgeno prost\u00e1tico<\/em><br aria-hidden=\"true\" \/><br aria-hidden=\"true\" \/>Villa de \u00c1lvarez, Col.- \u00a0La Presidenta \u00a0de Villa de \u00c1lvarez Tey Guti\u00e9rrez Andrade, anunci\u00f3 la campa\u00f1a de detecci\u00f3n oportuna de c\u00e1ncer de pr\u00f3stata \u00a0\u201cHazlo por ti\u201d, \u00a0que el pr\u00f3ximo mi\u00e9rcoles aplicar\u00e1 de manera gratuita 150 ex\u00e1menes de ant\u00edgeno prost\u00e1tico a hombres radicados en el municipio.<br aria-hidden=\"true\" \/><br aria-hidden=\"true\" \/>En Conferencia de Prensa celebrada en el Sal\u00f3n Verde de la Presidencia Municipal, la Alcaldesa explic\u00f3 que \u201cHazlo por ti\u201d, realizada por el Ayuntamiento de Villa de \u00c1lvarez, el DIF Municipal y la Asociaci\u00f3n Kil\u00f3metros por Alegr\u00eda, celebrar\u00e1 la jornada de ant\u00edgenos prost\u00e1ticos a partir de las 8 de la ma\u00f1ana en el Sal\u00f3n Presidentes de Casa de la Cultura.<br aria-hidden=\"true\" \/><br aria-hidden=\"true\" \/>La campa\u00f1a est\u00e1 dirigida a hombres mayores de 40 a\u00f1os, cuyos interesados deber\u00e1n presentarse sin haber tenido actividad sexual en las 48 horas previas, \u00a0asistir en ayuno, evitar el ejercicio f\u00edsico intenso, llevar copia del INE, CURP o comprobante de domicilio.<br aria-hidden=\"true\" \/><br aria-hidden=\"true\" \/>Guti\u00e9rrez Andrade estim\u00f3 que en las mujeres la cultura de prevenci\u00f3n del c\u00e1ncer est\u00e1 m\u00e1s presente que en los hombres, \u201cen el c\u00e1ncer de pr\u00f3stata nos falta mucho por \u00a0crear conciencia, para que los varones se hagan los ex\u00e1menes para su detecci\u00f3n oportuna y fomentar la prevenci\u00f3n\u201d.<br aria-hidden=\"true\" \/>\u00a0<br aria-hidden=\"true\" \/>Lizette Guzm\u00e1n Brice\u00f1o, secretaria de Difusi\u00f3n Social de la Asociaci\u00f3n Kil\u00f3metros por Alegr\u00eda, agradeci\u00f3 el compromiso y trabajo que en la lucha contra el c\u00e1ncer ha realizado Tey Guti\u00e9rrez desde el primer d\u00eda de su gesti\u00f3n, como lo demuestra en esta ocasi\u00f3n con acciones para detectar oportunamente el c\u00e1ncer de pr\u00f3stata.<br aria-hidden=\"true\" \/><br aria-hidden=\"true\" \/>Con datos ofrecidos por el INEGI, Guzm\u00e1n indic\u00f3 que Colima es la segunda entidad federativa del pa\u00eds con mayor tasa de defunciones por c\u00e1ncer, ocupando el de pr\u00f3stata el primer lugar en muerte oncol\u00f3gica en hombres mayores de 60 a\u00f1os de edad.<br aria-hidden=\"true\" \/><br aria-hidden=\"true\" \/>Lizet Rodr\u00edguez, Directora del DIF Municipal de Villa de \u00c1lvarez, expres\u00f3 que \u201cHazlo por ti\u201d se suma a la campa\u00f1a permanente para detectar oportunamente el c\u00e1ncer c\u00e9rvico-uterino, que todos los jueves, con la colaboraci\u00f3n de la Cl\u00ednica 18 del IMSS, de manera gratuita realiza pruebas de papanicolau; adem\u00e1s \u00a0del trabajo hecho con el c\u00e1ncer infantil y la detecci\u00f3n de c\u00e1ncer de mam\u00e1.<br aria-hidden=\"true\" \/><br aria-hidden=\"true\" \/>Adem\u00e1s de la jornada de aplicaci\u00f3n de ex\u00e1menes de ant\u00edgeno prost\u00e1tico, \u201cHazlo por ti\u201d transmitir\u00e1 el martes 27 de junio a las 10 de la ma\u00f1ana v\u00eda Facebook el programa Di\u00e1logos por la Salud, a cargo del Doctor Alfonso C\u00e1rdenas, y a las 11 de la ma\u00f1ana de ese mismo d\u00eda martes, se ofrecer\u00e1 una charla para identificar los s\u00edntomas de ese c\u00e1ncer, con personal de la Unidad 18 del IMSS.<\/p>\n","protected":false},"excerpt":{"rendered":"<p>*Aplicar\u00e1n el mi\u00e9rcoles 150 pruebas de ant\u00edgeno prost\u00e1ticoVilla de \u00c1lvarez, Col.- \u00a0La Presidenta \u00a0de Villa de \u00c1lvarez Tey Guti\u00e9rrez Andrade, anunci\u00f3 la campa\u00f1a de detecci\u00f3n oportuna de c\u00e1ncer de pr\u00f3stata \u00a0\u201cHazlo por ti\u201d, \u00a0que el pr\u00f3ximo mi\u00e9rcoles aplicar\u00e1 de manera gratuita 150 ex\u00e1menes de ant\u00edgeno prost\u00e1tico a hombres radicados en el municipio.En Conferencia de Prensa&#8230;<\/p>\n","protected":false},"author":2,"featured_media":27372,"comment_status":"open","ping_status":"open","sticky":false,"template":"","format":"standard","meta":{"footnotes":""},"categories":[8,42],"tags":[29,30,28],"class_list":["post-27371","post","type-post","status-publish","format-standard","has-post-thumbnail","hentry","category-municipios","category-villa-de-alvarez","tag-grid","tag-news","tag-slider"],"_links":{"self":[{"href":"http:\/\/elobservatorio.com.mx\/index.php?rest_route=\/wp\/v2\/posts\/27371"}],"collection":[{"href":"http:\/\/elobservatorio.com.mx\/index.php?rest_route=\/wp\/v2\/posts"}],"about":[{"href":"http:\/\/elobservatorio.com.mx\/index.php?rest_route=\/wp\/v2\/types\/post"}],"author":[{"embeddable":true,"href":"http:\/\/elobservatorio.com.mx\/index.php?rest_route=\/wp\/v2\/users\/2"}],"replies":[{"embeddable":true,"href":"http:\/\/elobservatorio.com.mx\/index.php?rest_route=%2Fwp%2Fv2%2Fcomments&post=27371"}],"version-history":[{"count":0,"href":"http:\/\/elobservatorio.com.mx\/index.php?rest_route=\/wp\/v2\/posts\/27371\/revisions"}],"wp:featuredmedia":[{"embeddable":true,"href":"http:\/\/elobservatorio.com.mx\/index.php?rest_route=\/wp\/v2\/media\/27372"}],"wp:attachment":[{"href":"http:\/\/elobservatorio.com.mx\/index.php?rest_route=%2Fwp%2Fv2%2Fmedia&parent=27371"}],"wp:term":[{"taxonomy":"category","embeddable":true,"href":"http:\/\/elobservatorio.com.mx\/index.php?rest_route=%2Fwp%2Fv2%2Fcategories&post=27371"},{"taxonomy":"post_tag","embeddable":true,"href":"http:\/\/elobservatorio.com.mx\/index.php?rest_route=%2Fwp%2Fv2%2Ftags&post=27371"}],"curies":[{"name":"wp","href":"https:\/\/api.w.org\/{rel}","templated":true}]}}