{"id":27378,"date":"2023-06-26T18:32:07","date_gmt":"2023-06-27T00:32:07","guid":{"rendered":"http:\/\/elobservatorio.com.mx\/?p=27378"},"modified":"2023-06-26T18:32:07","modified_gmt":"2023-06-27T00:32:07","slug":"invita-casa-del-archivo-a-exposicion-documental-del-virreinato-en-colima","status":"publish","type":"post","link":"http:\/\/elobservatorio.com.mx\/?p=27378","title":{"rendered":"Invita Casa del Archivo a exposici\u00f3n documental del virreinato en Colima\u00a0"},"content":{"rendered":"<div dir=\"auto\"><em>*Esta exposici\u00f3n forma parte de las actividades por el 500 aniversario de la fundaci\u00f3n de la Villa de Colima\u00a0<\/em><\/div>\n<div dir=\"auto\"><\/div>\n<div dir=\"auto\">La directora general del Archivo Hist\u00f3rico del Municipio de Colima (AHMC), Patricia S\u00e1nchez Espinosa, invit\u00f3 a la poblaci\u00f3n a sumarse a las actividades por el 500 aniversario de la Fundaci\u00f3n de la Villa de Colima, con la presentaci\u00f3n de la exposici\u00f3n documental \u201cDocumentos Virreinales: Testigos del Pasado de Colima\u201d.<\/div>\n<div dir=\"auto\"><\/div>\n<div dir=\"auto\">S\u00e1nchez Espinosa record\u00f3 que desde que inici\u00f3 este 2023, cumpliendo una instrucci\u00f3n de la presidenta municipal de Colima, Margarita Moreno, se han implementado todo un programa de actividades, exposiciones y conferencias para conmemorar el 500 Aniversario de la Fundaci\u00f3n de la Villa de Colima.<\/div>\n<div dir=\"auto\"><\/div>\n<div dir=\"auto\">En este caso, agreg\u00f3, el pr\u00f3ximo lunes 26 de junio, a las 18:30 horas, se presentar\u00e1, en la Casa del Archivo, esta exposici\u00f3n documental \u201cDocumentos Virreinales: Testigos del pasado de Colima\u201d, los cuales ser\u00e1n de un gran inter\u00e9s para el p\u00fablico en general, pues revelan parte de ese periodo hist\u00f3rico en el municipio.<\/div>\n<div dir=\"auto\"><\/div>\n<div dir=\"auto\">Finalmente, rememor\u00f3 que, como parte de esta conmemoraci\u00f3n del 500 aniversario, tambi\u00e9n se expusieron al p\u00fablico las cartas de relaci\u00f3n que sostuvieron Hern\u00e1n Cort\u00e9s con el emperador Carlos V, as\u00ed como otros documentos hist\u00f3ricos de gran importancia que ayudan a comprender el desarrollo hist\u00f3rico del estado y municipio de Colima.<\/div>\n","protected":false},"excerpt":{"rendered":"<p>*Esta exposici\u00f3n forma parte de las actividades por el 500 aniversario de la fundaci\u00f3n de la Villa de Colima\u00a0 La directora general del Archivo Hist\u00f3rico del Municipio de Colima (AHMC), Patricia S\u00e1nchez Espinosa, invit\u00f3 a la poblaci\u00f3n a sumarse a las actividades por el 500 aniversario de la Fundaci\u00f3n de la Villa de Colima, con&#8230;<\/p>\n","protected":false},"author":2,"featured_media":27379,"comment_status":"open","ping_status":"open","sticky":false,"template":"","format":"standard","meta":{"footnotes":""},"categories":[36,8],"tags":[29,30,28],"class_list":["post-27378","post","type-post","status-publish","format-standard","has-post-thumbnail","hentry","category-colima","category-municipios","tag-grid","tag-news","tag-slider"],"_links":{"self":[{"href":"http:\/\/elobservatorio.com.mx\/index.php?rest_route=\/wp\/v2\/posts\/27378"}],"collection":[{"href":"http:\/\/elobservatorio.com.mx\/index.php?rest_route=\/wp\/v2\/posts"}],"about":[{"href":"http:\/\/elobservatorio.com.mx\/index.php?rest_route=\/wp\/v2\/types\/post"}],"author":[{"embeddable":true,"href":"http:\/\/elobservatorio.com.mx\/index.php?rest_route=\/wp\/v2\/users\/2"}],"replies":[{"embeddable":true,"href":"http:\/\/elobservatorio.com.mx\/index.php?rest_route=%2Fwp%2Fv2%2Fcomments&post=27378"}],"version-history":[{"count":0,"href":"http:\/\/elobservatorio.com.mx\/index.php?rest_route=\/wp\/v2\/posts\/27378\/revisions"}],"wp:featuredmedia":[{"embeddable":true,"href":"http:\/\/elobservatorio.com.mx\/index.php?rest_route=\/wp\/v2\/media\/27379"}],"wp:attachment":[{"href":"http:\/\/elobservatorio.com.mx\/index.php?rest_route=%2Fwp%2Fv2%2Fmedia&parent=27378"}],"wp:term":[{"taxonomy":"category","embeddable":true,"href":"http:\/\/elobservatorio.com.mx\/index.php?rest_route=%2Fwp%2Fv2%2Fcategories&post=27378"},{"taxonomy":"post_tag","embeddable":true,"href":"http:\/\/elobservatorio.com.mx\/index.php?rest_route=%2Fwp%2Fv2%2Ftags&post=27378"}],"curies":[{"name":"wp","href":"https:\/\/api.w.org\/{rel}","templated":true}]}}