{"id":27406,"date":"2023-06-27T12:49:39","date_gmt":"2023-06-27T18:49:39","guid":{"rendered":"http:\/\/elobservatorio.com.mx\/?p=27406"},"modified":"2023-06-27T12:49:39","modified_gmt":"2023-06-27T18:49:39","slug":"tey-gutierrez-supervisa-avances-de-desazolve-en-arroyo-pereyra","status":"publish","type":"post","link":"http:\/\/elobservatorio.com.mx\/?p=27406","title":{"rendered":"Tey Guti\u00e9rrez supervisa avances de desazolve en arroyo Pereyra"},"content":{"rendered":"<p><em>*Ayuntamiento de Villa de \u00c1lvarez, CMIC y CANADEVI trabajan en coordinaci\u00f3n para reducir riesgos de inundaciones<\/em><\/p>\n<p>Villa de \u00c1lvarez, Col.- La Presidenta Tey Guti\u00e9rrez Andrade, acompa\u00f1ada por integrantes de la C\u00e1mara Mexicana de la Industria de la Construcci\u00f3n y la C\u00e1mara Nacional de Desarrolladores de Vivienda, supervis\u00f3 los avances de los trabajos de desazolve del arroyo Pereyra en su paso por Villa de \u00c1lvarez.<\/p>\n<p>\u201cSolo el Ayuntamiento de Villa de \u00c1lvarez no hubiera podido desazolvar el arroyo Pereyra, lo que habr\u00eda generado mayores posibilidades de inundaciones, principalmente desde la calle Independencia hasta el Boulevard Rodolfo Ch\u00e1vez Carrillo, por ello agradezco la generosidad de ambas c\u00e1maras empresariales\u201d, dijo la Alcaldesa.<\/p>\n<p>En la colonia Manuel M. Di\u00e9guez, por donde pasa ese afluente y donde m\u00e1s ocasiones se han presentado desbordamientos del arroyo, Guti\u00e9rrez Andrade consider\u00f3 que esa importante obra realizada por agremiados de CMIC y CANADEVI, con la coordinaci\u00f3n del Ayuntamiento de Villa de \u00c1lvarez, beneficia a la poblaci\u00f3n \u201cy demuestra que cuando se quiere, se puede, en este caso gracias a la suma de voluntades\u201d.<\/p>\n<p>Se\u00f1al\u00f3 que su gobierno no es de excusas, pretextos o justificaciones, es de resultados, los cuales se dan gracias a las alianzas que se logran con la sociedad civil, en este caso con las c\u00e1maras empresariales del sector de la construcci\u00f3n.<\/p>\n<p>Juan Carlos Casta\u00f1eda, Director de Planeaci\u00f3n y Desarrollo Urbano, inform\u00f3 que se ha retirado material excedente inorg\u00e1nico p\u00e9treo, que ser\u00e1 utilizado para rellenar un socav\u00f3n que da\u00f1\u00f3 el temporal del a\u00f1o pasado un alero del puente que divide a Villa de \u00c1lvarez y Colima, en la parte sur del municipio.<\/p>\n<p>Indic\u00f3 que las c\u00e1maras se han sumado a la limpieza del arroyo, principalmente en cuesti\u00f3n de derribo de vegetaci\u00f3n de gran tama\u00f1o encontrada al centro del cauce, para evitar que en \u00e9l se atoren elementos que cada a\u00f1o las lluvias arrastran desde la parte norte del estado.<\/p>\n<p>\u00c1lvaro Mata, de CMIC, explic\u00f3 que con los trabajos realizados hasta el momento ya est\u00e1 habilitado el cauce completo, para lo cual se ha utilizado maquinaria pesada de afiliados a ambas c\u00e1maras empresariales.<\/p>\n<p>Dijo que al finalizar los trabajos, el cauce del r\u00edo debe funcionar con normalidad, solo en casos de lluvias verdaderamente extraordinarias podr\u00edan presentarse situaciones de emergencia.<\/p>\n<p>Jes\u00fas C\u00e1rdenas, de CANDEVI, reconoci\u00f3 la gesti\u00f3n de Tey Guti\u00e9rrez con las c\u00e1maras y la coordinaci\u00f3n con ellas de su equipo de gobierno, que han estado al pendiente de los trabajos del desazolve del arroyo Pereyra, hechos a muy buen tiempo, lo que nos permite estar preparados para recibir las tormentas.<\/p>\n","protected":false},"excerpt":{"rendered":"<p>*Ayuntamiento de Villa de \u00c1lvarez, CMIC y CANADEVI trabajan en coordinaci\u00f3n para reducir riesgos de inundaciones Villa de \u00c1lvarez, Col.- La Presidenta Tey Guti\u00e9rrez Andrade, acompa\u00f1ada por integrantes de la C\u00e1mara Mexicana de la Industria de la Construcci\u00f3n y la C\u00e1mara Nacional de Desarrolladores de Vivienda, supervis\u00f3 los avances de los trabajos de desazolve del&#8230;<\/p>\n","protected":false},"author":2,"featured_media":27407,"comment_status":"open","ping_status":"open","sticky":false,"template":"","format":"standard","meta":{"footnotes":""},"categories":[8,42],"tags":[29,30,28],"class_list":["post-27406","post","type-post","status-publish","format-standard","has-post-thumbnail","hentry","category-municipios","category-villa-de-alvarez","tag-grid","tag-news","tag-slider"],"_links":{"self":[{"href":"http:\/\/elobservatorio.com.mx\/index.php?rest_route=\/wp\/v2\/posts\/27406"}],"collection":[{"href":"http:\/\/elobservatorio.com.mx\/index.php?rest_route=\/wp\/v2\/posts"}],"about":[{"href":"http:\/\/elobservatorio.com.mx\/index.php?rest_route=\/wp\/v2\/types\/post"}],"author":[{"embeddable":true,"href":"http:\/\/elobservatorio.com.mx\/index.php?rest_route=\/wp\/v2\/users\/2"}],"replies":[{"embeddable":true,"href":"http:\/\/elobservatorio.com.mx\/index.php?rest_route=%2Fwp%2Fv2%2Fcomments&post=27406"}],"version-history":[{"count":0,"href":"http:\/\/elobservatorio.com.mx\/index.php?rest_route=\/wp\/v2\/posts\/27406\/revisions"}],"wp:featuredmedia":[{"embeddable":true,"href":"http:\/\/elobservatorio.com.mx\/index.php?rest_route=\/wp\/v2\/media\/27407"}],"wp:attachment":[{"href":"http:\/\/elobservatorio.com.mx\/index.php?rest_route=%2Fwp%2Fv2%2Fmedia&parent=27406"}],"wp:term":[{"taxonomy":"category","embeddable":true,"href":"http:\/\/elobservatorio.com.mx\/index.php?rest_route=%2Fwp%2Fv2%2Fcategories&post=27406"},{"taxonomy":"post_tag","embeddable":true,"href":"http:\/\/elobservatorio.com.mx\/index.php?rest_route=%2Fwp%2Fv2%2Ftags&post=27406"}],"curies":[{"name":"wp","href":"https:\/\/api.w.org\/{rel}","templated":true}]}}