{"id":27411,"date":"2023-06-27T14:00:24","date_gmt":"2023-06-27T20:00:24","guid":{"rendered":"http:\/\/elobservatorio.com.mx\/?p=27411"},"modified":"2023-06-27T14:00:24","modified_gmt":"2023-06-27T20:00:24","slug":"shakira-revela-como-se-entero-de-la-traicion-de-pique","status":"publish","type":"post","link":"http:\/\/elobservatorio.com.mx\/?p=27411","title":{"rendered":"Shakira revela c\u00f3mo se enter\u00f3 de la traici\u00f3n de Piqu\u00e9"},"content":{"rendered":"<p><em>\u201cDescubr\u00ed por los medios de comunicaci\u00f3n que hab\u00eda sido traicionada mientras mi padre estaba en cuidados intensivos\u201d, dijo Shakira<\/em><\/p>\n<p>La cantante colombiana, Shakira, comparti\u00f3 abiertamente los desaf\u00edos que ha enfrentado tras su dolorosa separaci\u00f3n de Gerard Piqu\u00e9, exfutbolista del Barcelona, despu\u00e9s de una relaci\u00f3n de 12 a\u00f1os.<\/p>\n<p>Tras mudarse a Miami junto a sus hijos, Shakira revel\u00f3 el impactante momento en el que se enter\u00f3 de que Piqu\u00e9 hab\u00eda iniciado otra relaci\u00f3n.<\/p>\n<p>La cantante colombiana, Shakira, comparti\u00f3 abiertamente los desaf\u00edos que ha enfrentado tras su dolorosa separaci\u00f3n de Gerard Piqu\u00e9, exfutbolista del Barcelona, despu\u00e9s de una relaci\u00f3n de 12 a\u00f1os.<\/p>\n<p>Tras mudarse a Miami junto a sus hijos, Shakira revel\u00f3 el impactante momento en el que se enter\u00f3 de que Piqu\u00e9 hab\u00eda iniciado otra relaci\u00f3n.<\/p>\n<p>En medio de su profunda tristeza por la separaci\u00f3n, su padre, William Mebarak, a quien Shakira considera su mejor amigo, fue a visitarla para brindarle consuelo. Sin embargo, durante la primera comuni\u00f3n de su hijo Milan, su padre sufri\u00f3 un accidente que lo dej\u00f3 herido y tuvo que ser hospitalizado.<\/p>\n<blockquote class=\"wp-block-quote\"><p>\u201cTodo se desmoron\u00f3 a mi alrededor. Descubr\u00ed por los medios de comunicaci\u00f3n que hab\u00eda sido traicionada mientras mi padre estaba en cuidados intensivos. Pens\u00e9 que no sobrevivir\u00eda a tanto. El hombre a quien m\u00e1s he amado en mi vida se estaba alejando cuando m\u00e1s lo necesitaba. No pod\u00eda hablar con \u00e9l ni recibir los consejos de mi mejor amigo, lo cual hubiera sido de gran ayuda\u201d, revel\u00f3 la colombiana a la revista\u00a0<a href=\"https:\/\/peopleenespanol.com\/celebridades\/shakira-50-mas-bellos-2023-entrevista-amor-hijos-nueva-vida-musica\/\" target=\"_blank\" rel=\"noopener\">People.<\/a><\/p><\/blockquote>\n<p>Desde entonces, Shakira, seg\u00fan sus palabras, experiment\u00f3 una monta\u00f1a rusa emocional, pasando por estados de negaci\u00f3n, rabia, dolor, aceptaci\u00f3n, duelo, esperanza, decepci\u00f3n y nuevamente ilusi\u00f3n. Ha canalizado todas estas emociones a trav\u00e9s de sus canciones, buscando comprenderse mejor a s\u00ed misma, sin pretender explicarse ni justificarse.<\/p>\n<p>Aunque hay d\u00edas en los que Shakira dice sentirse fuerte, en otros momentos recuerda los desaf\u00edos dif\u00edciles que ha enfrentado. \u201cDurante toda mi vida, he sentido miedo de enfrentar las cosas que he tenido que enfrentar. Sin embargo, las he superado. Pens\u00e9 que no ser\u00eda capaz, pero la resiliencia del ser humano es inagotable, especialmente la de las mujeres\u201d, afirm\u00f3.<\/p>\n<p>La artista anhela que sus padres sean un modelo de relaci\u00f3n basada en el amor, la paciencia, la entrega y el deseo de sus hijos, algo que ella no pudo cumplir. Aunque su enfoque actual es brindarles estabilidad, tambi\u00e9n desea que aprendan a ser felices y que alg\u00fan d\u00eda puedan disfrutar de una familia que no pudo ofrecerles. Adem\u00e1s, espera que se conviertan en hombres compasivos, emp\u00e1ticos y respetuosos, capaces de cuidar a sus futuras familias con valent\u00eda y honestidad.<\/p>\n<p>Shakira ha enfrentado el dolor de manera injusta, pero su experiencia la ha llevado a buscar la compasi\u00f3n, empat\u00eda y cuidado hacia los dem\u00e1s. Su deseo es que sus hijos sean conscientes de esto y se conviertan en personas amorosas y responsables en el futuro.<\/p>\n<p><em>Con informaci\u00f3n de Noticiasenlamira.com\u00a0<\/em><\/p>\n","protected":false},"excerpt":{"rendered":"<p>\u201cDescubr\u00ed por los medios de comunicaci\u00f3n que hab\u00eda sido traicionada mientras mi padre estaba en cuidados intensivos\u201d, dijo Shakira La cantante colombiana, Shakira, comparti\u00f3 abiertamente los desaf\u00edos que ha enfrentado tras su dolorosa separaci\u00f3n de Gerard Piqu\u00e9, exfutbolista del Barcelona, despu\u00e9s de una relaci\u00f3n de 12 a\u00f1os. Tras mudarse a Miami junto a sus hijos,&#8230;<\/p>\n","protected":false},"author":2,"featured_media":27412,"comment_status":"open","ping_status":"open","sticky":false,"template":"","format":"standard","meta":{"footnotes":""},"categories":[32],"tags":[29,30,28],"class_list":["post-27411","post","type-post","status-publish","format-standard","has-post-thumbnail","hentry","category-escenario","tag-grid","tag-news","tag-slider"],"_links":{"self":[{"href":"http:\/\/elobservatorio.com.mx\/index.php?rest_route=\/wp\/v2\/posts\/27411"}],"collection":[{"href":"http:\/\/elobservatorio.com.mx\/index.php?rest_route=\/wp\/v2\/posts"}],"about":[{"href":"http:\/\/elobservatorio.com.mx\/index.php?rest_route=\/wp\/v2\/types\/post"}],"author":[{"embeddable":true,"href":"http:\/\/elobservatorio.com.mx\/index.php?rest_route=\/wp\/v2\/users\/2"}],"replies":[{"embeddable":true,"href":"http:\/\/elobservatorio.com.mx\/index.php?rest_route=%2Fwp%2Fv2%2Fcomments&post=27411"}],"version-history":[{"count":0,"href":"http:\/\/elobservatorio.com.mx\/index.php?rest_route=\/wp\/v2\/posts\/27411\/revisions"}],"wp:featuredmedia":[{"embeddable":true,"href":"http:\/\/elobservatorio.com.mx\/index.php?rest_route=\/wp\/v2\/media\/27412"}],"wp:attachment":[{"href":"http:\/\/elobservatorio.com.mx\/index.php?rest_route=%2Fwp%2Fv2%2Fmedia&parent=27411"}],"wp:term":[{"taxonomy":"category","embeddable":true,"href":"http:\/\/elobservatorio.com.mx\/index.php?rest_route=%2Fwp%2Fv2%2Fcategories&post=27411"},{"taxonomy":"post_tag","embeddable":true,"href":"http:\/\/elobservatorio.com.mx\/index.php?rest_route=%2Fwp%2Fv2%2Ftags&post=27411"}],"curies":[{"name":"wp","href":"https:\/\/api.w.org\/{rel}","templated":true}]}}