{"id":27414,"date":"2023-06-28T12:40:33","date_gmt":"2023-06-28T18:40:33","guid":{"rendered":"http:\/\/elobservatorio.com.mx\/?p=27414"},"modified":"2023-06-28T12:40:33","modified_gmt":"2023-06-28T18:40:33","slug":"nueva-escuela-mexicana","status":"publish","type":"post","link":"http:\/\/elobservatorio.com.mx\/?p=27414","title":{"rendered":"NUEVA ESCUELA MEXICANA"},"content":{"rendered":"<p><strong>VIVENCIAS<\/strong><br \/>\n<em>Carlos Alberto Olvera S\u00e1nchez*<\/em><\/p>\n<p>Se est\u00e1 a un par de pasos, de Cantarle, las Golondrinas al Ciclo escolar 2022- 2023, para dar inicio a un Nuevo, que se estrenar\u00e1 con un \u00abNuevo Modelo Educativo\u00bb al cu\u00e1l le denominaran, Nueva escuela Mexicana, cuyos actores principales en escena son cuatro: Ni\u00f1os, Ni\u00f1as y Adolescentes, planes y programas de estudio, comunidad y personal Docente.<\/p>\n<p>De manera extempor\u00e1nea, al cuarto para las doce, en agon\u00eda este sexenio del Gobierno Federal, repica las campanas, con dicho modelo en el sector Educativo, del cual ha Sido y es la Comidilla de los involucrados en el sector, destacando las siguientes apreciaciones. Dichas acciones por parte de quienes estuvieron al frente de la Nueva Escuela Mexicana, no escucharon, el real sentir del profesor de Banquillo, salv\u00f3 a una muestra muy microsc\u00f3pica, olvidandose por completo de la Infraestructura escolar, en la cual la mayor\u00eda de las escuelas de educaci\u00f3n B\u00e1sica , carecen de lo elemental, s\u00ed, a ello le agregamos el ausentismo permanente de profesores frente a Grupo, en el presente Calendario escolar, estamos ante una omisi\u00f3n y falta de inter\u00e9s que todo buen Gobierno, que se Jacte de Educador, no debiese permitir.<\/p>\n<p>Aunado a lo anterior M\u00e9xico, Vive una Emergencia Educativa, en estos tiempos posteriores a la pandemia, d\u00f3nde el \u00fanico Instrumento para vencer y combatir la desigualdad Social, el desempleo, La Inseguridad, la Informalidad laboral, el Nocivo asistencialismo de los programas Federales, la Marginaci\u00f3n de Grupos Vulnerables, es La Educaci\u00f3n al alcance de todos, la cual debe ser formativa, para lograr despertar la chispa del conocimiento para acceder a mejores condiciones de vida , algo que se deja de lado en dicho ordenamiento pedag\u00f3gico, es la ausencia de una Instrucci\u00f3n para el Trabajo, en una etapa mayor, en la cual ya deben ser sujetos de Derechos y Obligaciones, las Generaciones del futuro.<\/p>\n<p>Para reflexionar, Gobiernos De Derecha, Izquierda o centralistas, se han desentendido del profesorado, a grado tal , que han impulsado la perdida de identidad y legitimidad del oficio Docente, pieza fundamental en el desarrollo Individual y social, para reconstruir el deteriorado Tejido Social, en estos tiempos, de Inseguridad.<\/p>\n<p>Record\u00e1ndoles a mis selectos lectores, puedo decir que no soy ni Chairo , ni fif\u00ed me Canso Ganso .<\/p>\n<p>A MANERA DE COMENTARIO SNTE 6 Y39 Las secciones Hermanas, est\u00e1n por solicitar, el t\u00e9rmino de Ciclo Escolar, ante las olas de Calor, que prevalecen en la entidad, c\u00f3mo ya sucedi\u00f3 en otros, Estados, El Magisterio Colimenses, espera Respuesta Afirmativa, de la Secretaria de Educaci\u00f3n.<\/p>\n<p>CANDIDATO CIUDADANO El Reportero y Ejemplar Ciudadano, Gilberto Ib\u00e1\u00f1ez no quita el dedo del Rengl\u00f3n, en la cual puede contender a la alcald\u00eda Villalvarense o alg\u00fan Distrito local, bien visto por diferentes sectores, Gil, hace su trabajo en las colonias del municipio Conurbado, una oferta m\u00e1s por la v\u00eda ciudadana.<\/p>\n<p>*La inseguridad en Colima* No tiene fecha de caducidad, seguimos siendo Nota Nacional e Internacional.<\/p>\n<p>*Vocero del Frente Magisterial Independiente<\/p>\n","protected":false},"excerpt":{"rendered":"<p>VIVENCIAS Carlos Alberto Olvera S\u00e1nchez* Se est\u00e1 a un par de pasos, de Cantarle, las Golondrinas al Ciclo escolar 2022- 2023, para dar inicio a un Nuevo, que se estrenar\u00e1 con un \u00abNuevo Modelo Educativo\u00bb al cu\u00e1l le denominaran, Nueva escuela Mexicana, cuyos actores principales en escena son cuatro: Ni\u00f1os, Ni\u00f1as y Adolescentes, planes y&#8230;<\/p>\n","protected":false},"author":2,"featured_media":11152,"comment_status":"open","ping_status":"open","sticky":false,"template":"","format":"standard","meta":{"footnotes":""},"categories":[11],"tags":[29,30,28],"class_list":["post-27414","post","type-post","status-publish","format-standard","has-post-thumbnail","hentry","category-opinion","tag-grid","tag-news","tag-slider"],"_links":{"self":[{"href":"http:\/\/elobservatorio.com.mx\/index.php?rest_route=\/wp\/v2\/posts\/27414"}],"collection":[{"href":"http:\/\/elobservatorio.com.mx\/index.php?rest_route=\/wp\/v2\/posts"}],"about":[{"href":"http:\/\/elobservatorio.com.mx\/index.php?rest_route=\/wp\/v2\/types\/post"}],"author":[{"embeddable":true,"href":"http:\/\/elobservatorio.com.mx\/index.php?rest_route=\/wp\/v2\/users\/2"}],"replies":[{"embeddable":true,"href":"http:\/\/elobservatorio.com.mx\/index.php?rest_route=%2Fwp%2Fv2%2Fcomments&post=27414"}],"version-history":[{"count":0,"href":"http:\/\/elobservatorio.com.mx\/index.php?rest_route=\/wp\/v2\/posts\/27414\/revisions"}],"wp:featuredmedia":[{"embeddable":true,"href":"http:\/\/elobservatorio.com.mx\/index.php?rest_route=\/wp\/v2\/media\/11152"}],"wp:attachment":[{"href":"http:\/\/elobservatorio.com.mx\/index.php?rest_route=%2Fwp%2Fv2%2Fmedia&parent=27414"}],"wp:term":[{"taxonomy":"category","embeddable":true,"href":"http:\/\/elobservatorio.com.mx\/index.php?rest_route=%2Fwp%2Fv2%2Fcategories&post=27414"},{"taxonomy":"post_tag","embeddable":true,"href":"http:\/\/elobservatorio.com.mx\/index.php?rest_route=%2Fwp%2Fv2%2Ftags&post=27414"}],"curies":[{"name":"wp","href":"https:\/\/api.w.org\/{rel}","templated":true}]}}