{"id":27422,"date":"2023-06-28T13:58:04","date_gmt":"2023-06-28T19:58:04","guid":{"rendered":"http:\/\/elobservatorio.com.mx\/?p=27422"},"modified":"2023-06-28T13:58:04","modified_gmt":"2023-06-28T19:58:04","slug":"en-manzanillo-criminales-hacen-fiestas-clandestinas-para-drogar-a-menores-advierte-alcaldesa","status":"publish","type":"post","link":"http:\/\/elobservatorio.com.mx\/?p=27422","title":{"rendered":"En Manzanillo, criminales hacen fiestas clandestinas para drogar a menores, advierte alcaldesa"},"content":{"rendered":"<p><em>*La presidenta municipal pide denunciarlas a los tel\u00e9fonos 314 113 19 00 o v\u00eda WhatsApp 314 101 98 72<\/em><\/p>\n<p>Luego de registrarse casos donde menores de edad son abandonados en la v\u00eda p\u00fablica tras haberlos drogado, la presidenta de Manzanillo Griselda Mart\u00ednez, denunci\u00f3 que una \u201cindustria criminal\u201d organiza \u201cfiestas clandestinas\u201d para darles diversos estupefacientes lo cual puede tener distintas finalidades: acrecentar su clientela, hacer m\u00e1s adictos, para secuestrar o abusar de ellas y ellos. Es por ello que pidi\u00f3 a las madres y padres de familia estar al pendiente de sus hijos, \u201cdeben saber d\u00f3nde est\u00e1n, con qui\u00e9n salen, a qu\u00e9 hora llegan, porque es su responsabilidad, s\u00ed, los menores tienen derechos, pero tambi\u00e9n tienen obligaciones, poner orden no es maltrato\u201d.<\/p>\n<p>El llamado, tambi\u00e9n lo hizo para las autoridades escolares, ya que estas \u201cfiestas\u201d se hacen supuestamente por el pr\u00f3ximo fin de cursos de las y los alumnos que pasar\u00e1n de secundaria a bachillerato, \u201cya giramos oficios a los planteles educativos para que est\u00e9n al pendiente del alumnado. La industria criminal aprovecha que se terminan las clases para hacer esas fiestas, pero se les pone mal alguien y lo sacan a la banqueta\u201d.<\/p>\n<p>Acompa\u00f1ada por el director general de Seguridad P\u00fablica y Polic\u00eda Vial, Fernando Winfield; la directora del Instituto de la Mujer Manzanillense, Ver\u00f3nica Sol\u00eds y la Procuradora para la defensa de las ni\u00f1as, ni\u00f1os y adolescentes, Gabriela Sevilla; la alcaldesa pidi\u00f3 denunciar a tiempo estas \u201cfiestas clandestinas\u201d, a los tel\u00e9fonos 314 113 19 00 y por v\u00eda WhatsApp al 314 101 98 72, donde se pueden mandar fotograf\u00edas o ubicaciones, con el objetivo de que la corporaci\u00f3n de seguridad intervenga, \u201chasta el momento no hemos podido ubicar los lugares donde se llevan a cabo, ni a las personas que las organizan, pero s\u00ed, por los reportes que hemos recibido, de las ni\u00f1as y de los ni\u00f1os que han sido afectados en este tipo de fiestas\u201d.<\/p>\n<p>Puntualiz\u00f3 que van 3 casos detectados de menores de edad que fueron drogados y auxiliados por las dependencias del Ayuntamiento de Manzanillo para llegar a ser atendidos a una instituci\u00f3n de salud, \u201chubo el caso de una menor de 16 a\u00f1os, \u201cle minti\u00f3 a su madre, que iba a una fiesta de la escuela, la dejaron ir, y era falso, afortunadamente la ni\u00f1a se salv\u00f3, pero entr\u00f3 hasta en terapia intensiva, estuvo a punto de morir\u201d<\/p>\n<p>Agreg\u00f3 que en esta lista se suman los casos de dos menores m\u00e1s, uno de 13 y otro de 14 a\u00f1os de edad, \u201ces el \u00faltimo reporte que tenemos, donde los han dejado inconscientes tirados en las banquetas, porque est\u00e1n totalmente alcoholizados y drogados. Estos menores manifiestan no haberse percatado de lo que les daban de beber, no sab\u00edan lo que les estaban dando; es un problema grave, pues puede haber muchos motivos del por qu\u00e9 los quieren drogar\u201d.<\/p>\n<p>Indic\u00f3 que algunas de estas fiestas clandestinas, son en ocasiones organizadas por sociedades de alumnos con el apoyo de personas adultas, que suelen acudir hasta 300 menores de edad, que como no pueden entrar a alg\u00fan bar, asisten a estas reuniones, \u201cles mienten a los pap\u00e1s y se van. Les venden una pulsera todo pagado, que cuestan, 100, 120 o 150 pesos para que les ponga droga en la bebida, y rentan locales para fiestas o casas con albercas\u201d.<\/p>\n<p>Griselda Mart\u00ednez, mencion\u00f3 que esa \u201cindustria criminal\u201d es un grupo organizado, por ello pidi\u00f3, \u201ctambi\u00e9n organic\u00e9monos como madres y padres de familia y si nos enteramos de este tipo de fiestas acudir a la polic\u00eda a informar. Cuando las hijas e hijos, sean mayores de edad que hagan lo que les convenga, antes los padres somos los responsables\u201d.<\/p>\n<p>Puntualiz\u00f3 que se har\u00e1n las investigaciones correspondientes, y que, si los locales que se rentan para estas \u201cfiestas clandestinas\u201d tienen permiso del Ayuntamiento, les ser\u00e1 cancelado, \u201cy si no tienen permiso haremos las denuncias correspondientes ante el ministerio p\u00fablico\u201d.<\/p>\n<p>La presidenta, mencion\u00f3 que la seguridad no solo es combatir al crimen organizado, sino que es un tema de prevenci\u00f3n el cual debe empezar desde casa, \u201cdebemos estar al pendiente de nuestros hijos\u201d.<\/p>\n","protected":false},"excerpt":{"rendered":"<p>*La presidenta municipal pide denunciarlas a los tel\u00e9fonos 314 113 19 00 o v\u00eda WhatsApp 314 101 98 72 Luego de registrarse casos donde menores de edad son abandonados en la v\u00eda p\u00fablica tras haberlos drogado, la presidenta de Manzanillo Griselda Mart\u00ednez, denunci\u00f3 que una \u201cindustria criminal\u201d organiza \u201cfiestas clandestinas\u201d para darles diversos estupefacientes lo&#8230;<\/p>\n","protected":false},"author":2,"featured_media":27423,"comment_status":"open","ping_status":"open","sticky":false,"template":"","format":"standard","meta":{"footnotes":""},"categories":[35,8],"tags":[29,30,28],"class_list":["post-27422","post","type-post","status-publish","format-standard","has-post-thumbnail","hentry","category-manzanillo","category-municipios","tag-grid","tag-news","tag-slider"],"_links":{"self":[{"href":"http:\/\/elobservatorio.com.mx\/index.php?rest_route=\/wp\/v2\/posts\/27422"}],"collection":[{"href":"http:\/\/elobservatorio.com.mx\/index.php?rest_route=\/wp\/v2\/posts"}],"about":[{"href":"http:\/\/elobservatorio.com.mx\/index.php?rest_route=\/wp\/v2\/types\/post"}],"author":[{"embeddable":true,"href":"http:\/\/elobservatorio.com.mx\/index.php?rest_route=\/wp\/v2\/users\/2"}],"replies":[{"embeddable":true,"href":"http:\/\/elobservatorio.com.mx\/index.php?rest_route=%2Fwp%2Fv2%2Fcomments&post=27422"}],"version-history":[{"count":0,"href":"http:\/\/elobservatorio.com.mx\/index.php?rest_route=\/wp\/v2\/posts\/27422\/revisions"}],"wp:featuredmedia":[{"embeddable":true,"href":"http:\/\/elobservatorio.com.mx\/index.php?rest_route=\/wp\/v2\/media\/27423"}],"wp:attachment":[{"href":"http:\/\/elobservatorio.com.mx\/index.php?rest_route=%2Fwp%2Fv2%2Fmedia&parent=27422"}],"wp:term":[{"taxonomy":"category","embeddable":true,"href":"http:\/\/elobservatorio.com.mx\/index.php?rest_route=%2Fwp%2Fv2%2Fcategories&post=27422"},{"taxonomy":"post_tag","embeddable":true,"href":"http:\/\/elobservatorio.com.mx\/index.php?rest_route=%2Fwp%2Fv2%2Ftags&post=27422"}],"curies":[{"name":"wp","href":"https:\/\/api.w.org\/{rel}","templated":true}]}}