{"id":27425,"date":"2023-06-28T14:42:48","date_gmt":"2023-06-28T20:42:48","guid":{"rendered":"http:\/\/elobservatorio.com.mx\/?p=27425"},"modified":"2023-06-28T14:46:49","modified_gmt":"2023-06-28T20:46:49","slug":"celebra-villa-de-alvarez-jornadas-saludables","status":"publish","type":"post","link":"http:\/\/elobservatorio.com.mx\/?p=27425","title":{"rendered":"Celebra la Villa Jornadas Saludables abiertas al p\u00fablico en general"},"content":{"rendered":"<p><em>* Se ofrecen mediciones de peso, talla, glucosa, presi\u00f3n arterial, dislipidemia, detecci\u00f3n de placa dentobacteriana y pases para prueba papanicolaou y exploraci\u00f3n mamaria<\/em><\/p>\n<p>Villa de \u00c1lvarez, Col.- Dando continuidad para mantener la certificaci\u00f3n de Entornos Laborales Seguros y Saludables, el Ayuntamiento de Villa de \u00c1lvarez, en coordinaci\u00f3n con la Secretar\u00eda de Salud, realiza las Jornadas Saludables en los diferentes edificios que integran el Gobierno Municipal, las cuales empezaron del 27 de junio y concluir\u00e1n el 13 de julio.<\/p>\n<p>La Alcaldesa Tey Guti\u00e9rrez Andrade explic\u00f3 que durante esas dos semanas se realizar\u00e1n jornadas de prevenci\u00f3n y promoci\u00f3n de la salud integral, tanto para trabajadores del Ayuntamiento, como para las personas que asistan durante esos d\u00edas a realizar alg\u00fan tr\u00e1mite o servicio.<\/p>\n<p>La Presidenta Municipal detall\u00f3 que se instalar\u00e1n m\u00f3dulos de medici\u00f3n de glucosa, presi\u00f3n arterial, dislipidemia, detecci\u00f3n de placa dentobacteriana, se realizar\u00e1n mediciones de peso y talla, entregar\u00e1n preservativos y pases para pruebas de papanicolaou y exploraci\u00f3n mamaria.<\/p>\n<p>Explic\u00f3 que estos servicios se ofrecen de 8 de la ma\u00f1ana a 2 de la tarde, los d\u00edas 27 y 28 de junio se realiz\u00f3 en el edificio de la Presidencia Municipal; el 29 y 30 de junio ser\u00e1 en Casa de la Cultura; 3 y 4 de julio, en las oficinas del DIF Municipal y Protecci\u00f3n Civil; 5, 6 y 7 de julio, en el Complejo de Seguridad; 10 de julio en las oficinas ubicadas sobre la calle Matamoros; 11 de julio, en la bodega ubicada en el Mercado Viejo; mientras que el 12 y 13 de julio la cita ser\u00e1 de la 1 a las 6 de la tarde en las instalaciones en Servicios P\u00fablicos Generales, de la calle Guanajuato.<\/p>\n<p>Finalmente, Tey Guti\u00e9rrez invit\u00f3 a los trabajadores a aprovechar esta oportunidad para realizarse los chequeos preventivos necesarios y as\u00ed coadyuvar en la detecci\u00f3n oportuna de enfermedades, asimismo a conocer m\u00e9todos preventivos para contar con una buena salud.<\/p>\n","protected":false},"excerpt":{"rendered":"<p>* Se ofrecen mediciones de peso, talla, glucosa, presi\u00f3n arterial, dislipidemia, detecci\u00f3n de placa dentobacteriana y pases para prueba papanicolaou y exploraci\u00f3n mamaria Villa de \u00c1lvarez, Col.- Dando continuidad para mantener la certificaci\u00f3n de Entornos Laborales Seguros y Saludables, el Ayuntamiento de Villa de \u00c1lvarez, en coordinaci\u00f3n con la Secretar\u00eda de Salud, realiza las Jornadas&#8230;<\/p>\n","protected":false},"author":2,"featured_media":27426,"comment_status":"open","ping_status":"open","sticky":false,"template":"","format":"standard","meta":{"footnotes":""},"categories":[8,42],"tags":[29,30,28],"class_list":["post-27425","post","type-post","status-publish","format-standard","has-post-thumbnail","hentry","category-municipios","category-villa-de-alvarez","tag-grid","tag-news","tag-slider"],"_links":{"self":[{"href":"http:\/\/elobservatorio.com.mx\/index.php?rest_route=\/wp\/v2\/posts\/27425"}],"collection":[{"href":"http:\/\/elobservatorio.com.mx\/index.php?rest_route=\/wp\/v2\/posts"}],"about":[{"href":"http:\/\/elobservatorio.com.mx\/index.php?rest_route=\/wp\/v2\/types\/post"}],"author":[{"embeddable":true,"href":"http:\/\/elobservatorio.com.mx\/index.php?rest_route=\/wp\/v2\/users\/2"}],"replies":[{"embeddable":true,"href":"http:\/\/elobservatorio.com.mx\/index.php?rest_route=%2Fwp%2Fv2%2Fcomments&post=27425"}],"version-history":[{"count":0,"href":"http:\/\/elobservatorio.com.mx\/index.php?rest_route=\/wp\/v2\/posts\/27425\/revisions"}],"wp:featuredmedia":[{"embeddable":true,"href":"http:\/\/elobservatorio.com.mx\/index.php?rest_route=\/wp\/v2\/media\/27426"}],"wp:attachment":[{"href":"http:\/\/elobservatorio.com.mx\/index.php?rest_route=%2Fwp%2Fv2%2Fmedia&parent=27425"}],"wp:term":[{"taxonomy":"category","embeddable":true,"href":"http:\/\/elobservatorio.com.mx\/index.php?rest_route=%2Fwp%2Fv2%2Fcategories&post=27425"},{"taxonomy":"post_tag","embeddable":true,"href":"http:\/\/elobservatorio.com.mx\/index.php?rest_route=%2Fwp%2Fv2%2Ftags&post=27425"}],"curies":[{"name":"wp","href":"https:\/\/api.w.org\/{rel}","templated":true}]}}