{"id":27463,"date":"2023-06-29T11:30:03","date_gmt":"2023-06-29T17:30:03","guid":{"rendered":"http:\/\/elobservatorio.com.mx\/?p=27463"},"modified":"2023-06-29T11:30:03","modified_gmt":"2023-06-29T17:30:03","slug":"aplican-150-pruebas-gratuitas-de-antigeno-prostatico-en-la-villa","status":"publish","type":"post","link":"http:\/\/elobservatorio.com.mx\/?p=27463","title":{"rendered":"Aplican 150 pruebas gratuitas de ant\u00edgeno prost\u00e1tico, en la Villa"},"content":{"rendered":"<p>Villa de \u00c1lvarez, Col.- Con el prop\u00f3sito de fomentar la cultura de la prevenci\u00f3n en materia de salud, el Ayuntamiento de Villa de \u00c1lvarez, a trav\u00e9s del DIF Municipal, realiz\u00f3 la primera campa\u00f1a para la toma gratuita de muestras de ant\u00edgeno prost\u00e1tico \u201cHazlo por ti\u201d, en la que participaron 150 varones.<br aria-hidden=\"true\" \/><br aria-hidden=\"true\" \/>Al inicio de la jornada, la Alcaldesa Tey Guti\u00e9rrez Andrade agradeci\u00f3 a las instituciones que hicieron posible este evento, pues consider\u00f3 que con la suma de esfuerzos y voluntades se puede hacer m\u00e1s a favor de los sectores vulnerables.<br aria-hidden=\"true\" \/><br aria-hidden=\"true\" \/>Reconoci\u00f3 la labor del personal de la Asociaci\u00f3n Kil\u00f3metros por Alegr\u00eda, que preside \u00a0Gloria Brice\u00f1o; Laboratorios Vargas y la Cl\u00ednica 18 del IMSS, y reiter\u00f3 su compromiso de seguir trabajando para mejorar la calidad de vida de la ciudadan\u00eda.<br aria-hidden=\"true\" \/><br aria-hidden=\"true\" \/>Por su parte, la Directora del DIF Municipal, Lizet Rodr\u00edgue, enfatiz\u00f3 que para la administraci\u00f3n de Tey Guti\u00e9rrez es importante cuidar la salud de las personas, trabajar en temas de prevenci\u00f3n \u00a0y acercar los servicios de salud a la poblaci\u00f3n.<br aria-hidden=\"true\" \/><br aria-hidden=\"true\" \/>Posteriormente, como parte de la jornada se imparti\u00f3 una charla para identificar s\u00edntomas de c\u00e1ncer de pr\u00f3stata, y al finalizar la conferencia, se le entreg\u00f3 una constancia a la m\u00e9dico pasante, Paulina Trinidad Anguiano, por su participaci\u00f3n en esta actividad.<br aria-hidden=\"true\" \/><br aria-hidden=\"true\" \/>En el evento se cont\u00f3 con la presencia de Lizzie Guzm\u00e1n, de Kil\u00f3metros por Alegr\u00eda; Alfredo Ch\u00e1vez, Secretario del Ayuntamiento, y Martha Yadira Mart\u00ednez, coordinadora de Servicios M\u00e9dicos, entre otras personas.<\/p>\n","protected":false},"excerpt":{"rendered":"<p>Villa de \u00c1lvarez, Col.- Con el prop\u00f3sito de fomentar la cultura de la prevenci\u00f3n en materia de salud, el Ayuntamiento de Villa de \u00c1lvarez, a trav\u00e9s del DIF Municipal, realiz\u00f3 la primera campa\u00f1a para la toma gratuita de muestras de ant\u00edgeno prost\u00e1tico \u201cHazlo por ti\u201d, en la que participaron 150 varones.Al inicio de la jornada,&#8230;<\/p>\n","protected":false},"author":2,"featured_media":27464,"comment_status":"open","ping_status":"open","sticky":false,"template":"","format":"standard","meta":{"footnotes":""},"categories":[8,42],"tags":[29,30,28],"class_list":["post-27463","post","type-post","status-publish","format-standard","has-post-thumbnail","hentry","category-municipios","category-villa-de-alvarez","tag-grid","tag-news","tag-slider"],"_links":{"self":[{"href":"http:\/\/elobservatorio.com.mx\/index.php?rest_route=\/wp\/v2\/posts\/27463"}],"collection":[{"href":"http:\/\/elobservatorio.com.mx\/index.php?rest_route=\/wp\/v2\/posts"}],"about":[{"href":"http:\/\/elobservatorio.com.mx\/index.php?rest_route=\/wp\/v2\/types\/post"}],"author":[{"embeddable":true,"href":"http:\/\/elobservatorio.com.mx\/index.php?rest_route=\/wp\/v2\/users\/2"}],"replies":[{"embeddable":true,"href":"http:\/\/elobservatorio.com.mx\/index.php?rest_route=%2Fwp%2Fv2%2Fcomments&post=27463"}],"version-history":[{"count":0,"href":"http:\/\/elobservatorio.com.mx\/index.php?rest_route=\/wp\/v2\/posts\/27463\/revisions"}],"wp:featuredmedia":[{"embeddable":true,"href":"http:\/\/elobservatorio.com.mx\/index.php?rest_route=\/wp\/v2\/media\/27464"}],"wp:attachment":[{"href":"http:\/\/elobservatorio.com.mx\/index.php?rest_route=%2Fwp%2Fv2%2Fmedia&parent=27463"}],"wp:term":[{"taxonomy":"category","embeddable":true,"href":"http:\/\/elobservatorio.com.mx\/index.php?rest_route=%2Fwp%2Fv2%2Fcategories&post=27463"},{"taxonomy":"post_tag","embeddable":true,"href":"http:\/\/elobservatorio.com.mx\/index.php?rest_route=%2Fwp%2Fv2%2Ftags&post=27463"}],"curies":[{"name":"wp","href":"https:\/\/api.w.org\/{rel}","templated":true}]}}