{"id":27478,"date":"2023-07-04T09:13:57","date_gmt":"2023-07-04T15:13:57","guid":{"rendered":"http:\/\/elobservatorio.com.mx\/?p=27478"},"modified":"2023-07-04T09:13:57","modified_gmt":"2023-07-04T15:13:57","slug":"se-suma-primaria-jose-maria-morelos-al-programa-de-escuadron-vial","status":"publish","type":"post","link":"http:\/\/elobservatorio.com.mx\/?p=27478","title":{"rendered":"Se suma Primaria Jos\u00e9 Mar\u00eda Morelos al programa de \u201cEscuadr\u00f3n Vial\u201d"},"content":{"rendered":"<p><em>*Alcaldesa, Tey Guti\u00e9rrez entrega reconocimiento y equipamiento para que esta actividad se desarrolle con mayor orden.<\/em><br aria-hidden=\"true\" \/><br aria-hidden=\"true\" \/>Villa de \u00c1lvarez, Col.- \u00a0El Gobierno que encabeza Tey Guti\u00e9rrez Andrade entreg\u00f3 un reconocimiento a maestros y padres de familia de la escuela primaria Jos\u00e9 Mar\u00eda Morelos, ubicada en el Centro de Villa de \u00c1lvarez, \u00a0por integrarse y aplicar con responsabilidad las estrategias del programa \u201cEscuadr\u00f3n Vial\u201d durante los horarios de entrada y salida del alumnado.<br aria-hidden=\"true\" \/><br aria-hidden=\"true\" \/>En su intervenci\u00f3n, la Alcaldesa destac\u00f3 la importancia de que este programa se lleve a cabo en coordinaci\u00f3n con los maestros, madres \u00a0y padres de familia para que, adem\u00e1s de generar orden vial durante las entradas y salidas a clases, se garantice la seguridad de todos los ni\u00f1os y ni\u00f1as de las escuelas.<br aria-hidden=\"true\" \/><br aria-hidden=\"true\" \/>\u201cNo tenemos personal para atender todas las escuelas, por lo que agradezco la suma de voluntades de las madres y padres de familia con el Gobierno Municipal, as\u00ed entre todos cuidamos a nuestros ni\u00f1os y ni\u00f1as\u201d, se\u00f1al\u00f3.<br aria-hidden=\"true\" \/><br aria-hidden=\"true\" \/>Tey Guti\u00e9rrez manifest\u00f3 que este programa se est\u00e1 reforzando en preescolares y primarias de Villa de \u00c1lvarez, en donde a trav\u00e9s de la Direcci\u00f3n de Tr\u00e1nsito y Vialidad se capacita a los padres y madres de familia para que, de manera organizada, lleven a cabo el resguardo vial para garantizar la seguridad de ni\u00f1os y ni\u00f1as.<br aria-hidden=\"true\" \/><br aria-hidden=\"true\" \/>En el lugar, la Presidenta Municipal hizo entrega de material para llevar a cabo estas actividades, tal y como son: soldados para delimitar el espacio, chalecos para que los integrantes del Escuadr\u00f3n sean identificados y las paletas para las se\u00f1ales viales.<br aria-hidden=\"true\" \/><br aria-hidden=\"true\" \/>Por su parte, el Secretario General del Ayuntamiento, Alfredo Ch\u00e1vez, \u00a0indic\u00f3 que la Administraci\u00f3n Municipal apoya a los planteles educativos para que en un trabajo coordinado se generen las condiciones de orden, seguridad vial y una mejor movilidad para las personas quienes acuden a dejar a sus peque\u00f1os a las escuelas, pero sobre todo, para garantizar la seguridad de las ni\u00f1as y ni\u00f1os.<br aria-hidden=\"true\" \/><br aria-hidden=\"true\" \/>Finalmente, la Directora del plantel, Gloria Lizeth Figueroa, agradeci\u00f3 a Tey Guti\u00e9rrez por los apoyos entregados y los compromisos cumplidos en beneficio de la comunidad escolar de la Primaria Jos\u00e9 Mar\u00eda Morelos.<\/p>\n","protected":false},"excerpt":{"rendered":"<p>*Alcaldesa, Tey Guti\u00e9rrez entrega reconocimiento y equipamiento para que esta actividad se desarrolle con mayor orden.Villa de \u00c1lvarez, Col.- \u00a0El Gobierno que encabeza Tey Guti\u00e9rrez Andrade entreg\u00f3 un reconocimiento a maestros y padres de familia de la escuela primaria Jos\u00e9 Mar\u00eda Morelos, ubicada en el Centro de Villa de \u00c1lvarez, \u00a0por integrarse y aplicar con&#8230;<\/p>\n","protected":false},"author":2,"featured_media":27479,"comment_status":"open","ping_status":"open","sticky":false,"template":"","format":"standard","meta":{"footnotes":""},"categories":[8,42],"tags":[29,30,28],"class_list":["post-27478","post","type-post","status-publish","format-standard","has-post-thumbnail","hentry","category-municipios","category-villa-de-alvarez","tag-grid","tag-news","tag-slider"],"_links":{"self":[{"href":"http:\/\/elobservatorio.com.mx\/index.php?rest_route=\/wp\/v2\/posts\/27478"}],"collection":[{"href":"http:\/\/elobservatorio.com.mx\/index.php?rest_route=\/wp\/v2\/posts"}],"about":[{"href":"http:\/\/elobservatorio.com.mx\/index.php?rest_route=\/wp\/v2\/types\/post"}],"author":[{"embeddable":true,"href":"http:\/\/elobservatorio.com.mx\/index.php?rest_route=\/wp\/v2\/users\/2"}],"replies":[{"embeddable":true,"href":"http:\/\/elobservatorio.com.mx\/index.php?rest_route=%2Fwp%2Fv2%2Fcomments&post=27478"}],"version-history":[{"count":0,"href":"http:\/\/elobservatorio.com.mx\/index.php?rest_route=\/wp\/v2\/posts\/27478\/revisions"}],"wp:featuredmedia":[{"embeddable":true,"href":"http:\/\/elobservatorio.com.mx\/index.php?rest_route=\/wp\/v2\/media\/27479"}],"wp:attachment":[{"href":"http:\/\/elobservatorio.com.mx\/index.php?rest_route=%2Fwp%2Fv2%2Fmedia&parent=27478"}],"wp:term":[{"taxonomy":"category","embeddable":true,"href":"http:\/\/elobservatorio.com.mx\/index.php?rest_route=%2Fwp%2Fv2%2Fcategories&post=27478"},{"taxonomy":"post_tag","embeddable":true,"href":"http:\/\/elobservatorio.com.mx\/index.php?rest_route=%2Fwp%2Fv2%2Ftags&post=27478"}],"curies":[{"name":"wp","href":"https:\/\/api.w.org\/{rel}","templated":true}]}}