{"id":27499,"date":"2023-07-04T11:40:16","date_gmt":"2023-07-04T17:40:16","guid":{"rendered":"http:\/\/elobservatorio.com.mx\/?p=27499"},"modified":"2023-07-04T11:40:16","modified_gmt":"2023-07-04T17:40:16","slug":"inplan-manzanillo-esta-listo-para-asesorar-a-municipios-en-programas-de-ordenamiento","status":"publish","type":"post","link":"http:\/\/elobservatorio.com.mx\/?p=27499","title":{"rendered":"INPLAN Manzanillo est\u00e1 listo para asesorar  a municipios en programas de ordenamiento"},"content":{"rendered":"<p>La directora del INPLAN, Elisa Guti\u00e9rrez, destac\u00f3 que, por primera vez, Manzanillo se ha convertido en ejemplo a nivel estatal, por contar con un programa que advierte el desarrollo del municipio con una visi\u00f3n de largo plazo, es decir, hasta el 2050. Agreg\u00f3 que, por la experiencia en la creaci\u00f3n de este programa, puede brindarse asesor\u00eda a otros municipios de la entidad.<\/p>\n<p>Indic\u00f3 que, para lograr este objetivo a favor de Manzanillo, el urbanista de reconocimiento, no s\u00f3lo nacional, sino tambi\u00e9n internacional, Alfonso Iracheta fue pieza clave para la integraci\u00f3n de este Programa Municipal de Ordenamiento Territorial y Desarrollo Urbano, ya que el Centroeure, del cual es director, dispuso de 20 colaboradores, que en su momento estudiaron todo el territorio manzanillense e hicieron sinergia con el INPLAN Manzanillo.<\/p>\n<p>Precis\u00f3 que con este apoyo se logr\u00f3 algo muy importante, \u201ctoda la experiencia t\u00e9cnica y metodol\u00f3gica se convirti\u00f3 no s\u00f3lo en lograr un ordenamiento m\u00e1s real, sino que las capacidades de las dependencias locales lograron especializarse. Manzanillo ahora tiene uno de los equipos t\u00e9cnicos m\u00e1s fuertes en ordenamiento territorial y desarrollo urbano, ahora somos l\u00edderes en el estado y la idea es que podamos apoyar a otros municipios tambi\u00e9n; Manzanillo es el 25 por ciento del territorio colimense y estamos en la mejor disposici\u00f3n de ayudar\u201d.<\/p>\n<p>Indic\u00f3 que este Programa Municipal de Ordenamiento Territorial y Desarrollo Urbano, tuvo etapas importantes, de interacci\u00f3n con la poblaci\u00f3n, pues desde la pandemia se crearon foros digitales para hacer que la participaci\u00f3n de la poblaci\u00f3n tuviera un peso preponderante, asimismo, dijo que lo fue la etapa de la consulta p\u00fablica que se llev\u00f3 a cabo en distintos sitios del municipio, la cual tuvo buena respuesta.<\/p>\n<p>Pero en la construcci\u00f3n de este modelo para planear el futuro del crecimiento de Manzanillo, con la meta espec\u00edfica de llegar as\u00ed hasta el a\u00f1o 2050, tambi\u00e9n participaron especialistas en temas ambientales, en movilidad, en desarrollo urbano, todo respecto al tema de planificaci\u00f3n.<\/p>\n<p>Elisa Guti\u00e9rrez, mencion\u00f3 que, en esta visi\u00f3n, hacia el 2050, se debe construir el desarrollo poco a poco, es por ello que se contemplan etapas; la corta que vislumbra el quehacer hasta el 2027; la de mediano plazo que est\u00e1 valorada hasta el a\u00f1o, 2036, \u201clo que debemos madurar y consolidar para que al 2050 s\u00ed tengamos eso que de manera colectiva hemos pensado, imaginado y planteado; pues lo que exponemos es tener un Manzanillo posible\u201d.<\/p>\n<p>La servidora p\u00fablica, indic\u00f3 que para que este Programa Municipal de Ordenamiento Territorial y Desarrollo Urbano trascienda y se aplique en bien de Manzanillo y su poblaci\u00f3n, la gente debe participar, para que a pesar de los gobiernos que vengan durante ese periodo (hasta el 2050), imperen los procesos de participaci\u00f3n ciudadana, \u201clas personas deben conocer de qu\u00e9 se trata e involucrarse en beneficio de su calidad de vida\u201d.<\/p>\n","protected":false},"excerpt":{"rendered":"<p>La directora del INPLAN, Elisa Guti\u00e9rrez, destac\u00f3 que, por primera vez, Manzanillo se ha convertido en ejemplo a nivel estatal, por contar con un programa que advierte el desarrollo del municipio con una visi\u00f3n de largo plazo, es decir, hasta el 2050. Agreg\u00f3 que, por la experiencia en la creaci\u00f3n de este programa, puede brindarse&#8230;<\/p>\n","protected":false},"author":2,"featured_media":27500,"comment_status":"open","ping_status":"open","sticky":false,"template":"","format":"standard","meta":{"footnotes":""},"categories":[35,8],"tags":[29,30,28],"class_list":["post-27499","post","type-post","status-publish","format-standard","has-post-thumbnail","hentry","category-manzanillo","category-municipios","tag-grid","tag-news","tag-slider"],"_links":{"self":[{"href":"http:\/\/elobservatorio.com.mx\/index.php?rest_route=\/wp\/v2\/posts\/27499"}],"collection":[{"href":"http:\/\/elobservatorio.com.mx\/index.php?rest_route=\/wp\/v2\/posts"}],"about":[{"href":"http:\/\/elobservatorio.com.mx\/index.php?rest_route=\/wp\/v2\/types\/post"}],"author":[{"embeddable":true,"href":"http:\/\/elobservatorio.com.mx\/index.php?rest_route=\/wp\/v2\/users\/2"}],"replies":[{"embeddable":true,"href":"http:\/\/elobservatorio.com.mx\/index.php?rest_route=%2Fwp%2Fv2%2Fcomments&post=27499"}],"version-history":[{"count":0,"href":"http:\/\/elobservatorio.com.mx\/index.php?rest_route=\/wp\/v2\/posts\/27499\/revisions"}],"wp:featuredmedia":[{"embeddable":true,"href":"http:\/\/elobservatorio.com.mx\/index.php?rest_route=\/wp\/v2\/media\/27500"}],"wp:attachment":[{"href":"http:\/\/elobservatorio.com.mx\/index.php?rest_route=%2Fwp%2Fv2%2Fmedia&parent=27499"}],"wp:term":[{"taxonomy":"category","embeddable":true,"href":"http:\/\/elobservatorio.com.mx\/index.php?rest_route=%2Fwp%2Fv2%2Fcategories&post=27499"},{"taxonomy":"post_tag","embeddable":true,"href":"http:\/\/elobservatorio.com.mx\/index.php?rest_route=%2Fwp%2Fv2%2Ftags&post=27499"}],"curies":[{"name":"wp","href":"https:\/\/api.w.org\/{rel}","templated":true}]}}