{"id":27509,"date":"2023-07-04T14:45:20","date_gmt":"2023-07-04T20:45:20","guid":{"rendered":"http:\/\/elobservatorio.com.mx\/?p=27509"},"modified":"2023-07-04T14:45:20","modified_gmt":"2023-07-04T20:45:20","slug":"margarita-moreno-impulsa-una-policia-municipal-incluyente","status":"publish","type":"post","link":"http:\/\/elobservatorio.com.mx\/?p=27509","title":{"rendered":"Margarita Moreno impulsa una Polic\u00eda Municipal incluyente"},"content":{"rendered":"<div dir=\"auto\"><em>*Se dio inicio con el m\u00f3dulo II del curso sobre lengua de se\u00f1as mexicanas, fortaleciendo el trabajo de capacitaci\u00f3n con las y los elementos de seguridad.<\/em><\/div>\n<div dir=\"auto\"><\/div>\n<div dir=\"auto\">Desde el inicio de su administraci\u00f3n, la presidenta municipal de Colima, Margarita Moreno, ha promovido hacer de Colima un municipio m\u00e1s humano, donde acciones como la capacitaci\u00f3n en lengua de se\u00f1as mexicanas que se ha emprendido en la Polic\u00eda Municipal representa un esfuerzo significativo por fortalecer la capacitaci\u00f3n de las y los elementos de seguridad.<\/div>\n<div dir=\"auto\"><\/div>\n<div dir=\"auto\">En este sentido, se inaugur\u00f3 el m\u00f3dulo II del Curso de Lengua de Se\u00f1as Mexicana que est\u00e1 recibiendo personal operativo y administrativo de la Polic\u00eda Municipal de Colima y del Juzgado C\u00edvico Municipal.<\/div>\n<div dir=\"auto\"><\/div>\n<div dir=\"auto\">Ante el Comisionado Municipal de Seguridad P\u00fablica y Justicia C\u00edvica, Luis Armando M\u00e9ndez Ram\u00edrez, la Secretaria del Ayuntamiento, Himelda Meraz S\u00e1nchez asegur\u00f3 que para la Presidenta Municipal Margarita Moreno, una de sus metas siempre ha sido tener un ayuntamiento m\u00e1s humano.<\/div>\n<div dir=\"auto\"><\/div>\n<div dir=\"auto\">\u201cCon este segundo m\u00f3dulo est\u00e1n ustedes poniendo manos a la obra por cumplir ese eje que tiene el Ayuntamiento de Colima encabezado por Margarita Moreno\u201d, se\u00f1al\u00f3.<\/div>\n<div dir=\"auto\"><\/div>\n<div dir=\"auto\">Inicialmente, Luis Armando M\u00e9ndez Ram\u00edrez, comisionado Municipal de Seguridad P\u00fablica y Justicia C\u00edvica dio la bienvenida a los asistentes y asegur\u00f3 que desde la Polic\u00eda Municipal de Colima se ha trabajado por lograr una pol\u00edtica p\u00fablica que brinda atenci\u00f3n integral a la ciudadan\u00eda.<\/div>\n<div dir=\"auto\"><\/div>\n<div dir=\"auto\">Asegur\u00f3 que el segundo m\u00f3dulo del curso de lengua de se\u00f1as mexicana es una muestra de que la verdadera inclusi\u00f3n social se logra con trabajo coordinado.<\/div>\n<div dir=\"auto\"><\/div>\n<div dir=\"auto\">Previamente, el presidente de la Comisi\u00f3n Estatal de los Derechos Humanos, Roberto Ram\u00edrez, destac\u00f3 el trabajo que realizan las int\u00e9rpretes que participan como capacitadoras en el curso.<\/div>\n<div dir=\"auto\"><\/div>\n<div dir=\"auto\">\u201cEllas est\u00e1n sensibilizando a servidoras y servidores p\u00fablicos en estas acciones encaminadas a ir construyendo todos los d\u00edas una igualdad\u201d, mencion\u00f3.<\/div>\n<div dir=\"auto\"><\/div>\n<div dir=\"auto\">De igual forma, felicit\u00f3 al Ayuntamiento de Colima y al Instituto Colimense para la Discapacidad, por coordinarse para este tipo de programas; \u201creconozco la voluntad de la presidenta municipal Margarita Moreno, porque siempre ha dado dos pasos adelante\u201d.<\/div>\n<div dir=\"auto\"><\/div>\n<div dir=\"auto\">Dijo que es importante que se capacite en estos temas a quienes integran las \u00e1reas de seguridad p\u00fablica, porque son quienes tienen el contacto con la gente d\u00eda a d\u00eda, motivo por el cual tambi\u00e9n reconoci\u00f3 a las y a los trabajadores de la Polic\u00eda Municipal de Colima que se est\u00e1n capacitando en la materia.<\/div>\n<div dir=\"auto\"><\/div>\n<div dir=\"auto\">En el evento tambi\u00e9n estuvieron presentes el director operativo de la Polic\u00eda Municipal, Ignacio Blanco Ram\u00edrez; Esperanza Hern\u00e1ndez Brice\u00f1o, titular del Juzgado C\u00edvico Municipal; Dulce Lina Campos Grimaldo, directora del DIF Municipal, entre otros.<\/div>\n<div dir=\"auto\"><\/div>\n","protected":false},"excerpt":{"rendered":"<p>*Se dio inicio con el m\u00f3dulo II del curso sobre lengua de se\u00f1as mexicanas, fortaleciendo el trabajo de capacitaci\u00f3n con las y los elementos de seguridad. Desde el inicio de su administraci\u00f3n, la presidenta municipal de Colima, Margarita Moreno, ha promovido hacer de Colima un municipio m\u00e1s humano, donde acciones como la capacitaci\u00f3n en lengua&#8230;<\/p>\n","protected":false},"author":2,"featured_media":27508,"comment_status":"open","ping_status":"open","sticky":false,"template":"","format":"standard","meta":{"footnotes":""},"categories":[36,8],"tags":[29,30,28],"class_list":["post-27509","post","type-post","status-publish","format-standard","has-post-thumbnail","hentry","category-colima","category-municipios","tag-grid","tag-news","tag-slider"],"_links":{"self":[{"href":"http:\/\/elobservatorio.com.mx\/index.php?rest_route=\/wp\/v2\/posts\/27509"}],"collection":[{"href":"http:\/\/elobservatorio.com.mx\/index.php?rest_route=\/wp\/v2\/posts"}],"about":[{"href":"http:\/\/elobservatorio.com.mx\/index.php?rest_route=\/wp\/v2\/types\/post"}],"author":[{"embeddable":true,"href":"http:\/\/elobservatorio.com.mx\/index.php?rest_route=\/wp\/v2\/users\/2"}],"replies":[{"embeddable":true,"href":"http:\/\/elobservatorio.com.mx\/index.php?rest_route=%2Fwp%2Fv2%2Fcomments&post=27509"}],"version-history":[{"count":0,"href":"http:\/\/elobservatorio.com.mx\/index.php?rest_route=\/wp\/v2\/posts\/27509\/revisions"}],"wp:featuredmedia":[{"embeddable":true,"href":"http:\/\/elobservatorio.com.mx\/index.php?rest_route=\/wp\/v2\/media\/27508"}],"wp:attachment":[{"href":"http:\/\/elobservatorio.com.mx\/index.php?rest_route=%2Fwp%2Fv2%2Fmedia&parent=27509"}],"wp:term":[{"taxonomy":"category","embeddable":true,"href":"http:\/\/elobservatorio.com.mx\/index.php?rest_route=%2Fwp%2Fv2%2Fcategories&post=27509"},{"taxonomy":"post_tag","embeddable":true,"href":"http:\/\/elobservatorio.com.mx\/index.php?rest_route=%2Fwp%2Fv2%2Ftags&post=27509"}],"curies":[{"name":"wp","href":"https:\/\/api.w.org\/{rel}","templated":true}]}}