{"id":27512,"date":"2023-07-04T15:38:45","date_gmt":"2023-07-04T21:38:45","guid":{"rendered":"http:\/\/elobservatorio.com.mx\/?p=27512"},"modified":"2023-07-04T15:38:45","modified_gmt":"2023-07-04T21:38:45","slug":"reduce-la-villa-a-un-dia-el-tramite-de-transmisiones-patrimoniales","status":"publish","type":"post","link":"http:\/\/elobservatorio.com.mx\/?p=27512","title":{"rendered":"Reduce la Villa a un d\u00eda el tr\u00e1mite de transmisiones patrimoniales"},"content":{"rendered":"<p><em>*Presenta Tey Guti\u00e9rrez Programa de Mejora Regulatoria para agilizar la expedici\u00f3n de ese documento<\/em><\/p>\n<p>Villa de \u00c1lvarez, Col.- A las y los involucrados en el sector del desarrollo de vivienda, la Presidenta Tey Guti\u00e9rrez Andrade les present\u00f3 el Programa de Mejora Regulatoria en los Tr\u00e1mites de Transmisiones Patrimoniales en Villa de \u00c1lvarez, el cual reduce su expedici\u00f3n en un d\u00eda h\u00e1bil.<\/p>\n<p>En el Sal\u00f3n Presidentes de Casa de la Cultura y ante notarios del estado de Colima, arquitectos, arquitectas, desarrolladores de vivienda, empresarios de la construcci\u00f3n y l\u00edderes de c\u00e1maras empresariales, la Alcaldesa les dijo que antes de las acciones de mejora regulatoria implementadas, las transmisiones patrimoniales en Villa de \u00c1lvarez se hac\u00edan en un periodo de tres a 12 d\u00edas, ahora se reducir\u00e1 a un s\u00f3lo d\u00eda.<\/p>\n<p>En ese sentido, expuso que si en el tr\u00e1mite de transmisiones patrimoniales el solicitante entrega completa su documentaci\u00f3n en horario de 8:30 a 10 de la ma\u00f1ana y \u00e9sta no presenta inconsistencias, ese mismo d\u00eda tendr\u00e1 el recibo correspondiente por la transmisi\u00f3n tramitada.<\/p>\n<p>Record\u00f3 que entre las 241 Metas Estrat\u00e9gicas de su Programa de Gobierno para el A\u00f1o 2023, est\u00e1 la sistematizaci\u00f3n de las transmisiones patrimoniales, con la intenci\u00f3n de reducir a un d\u00eda el tiempo de respuesta de atenci\u00f3n a la ciudadan\u00eda en tr\u00e1mites en l\u00ednea.<\/p>\n<p>Apunt\u00f3 que en asuntos relacionados con el desarrollo de vivienda, al inicio de su administraci\u00f3n encontr\u00f3 que hab\u00eda 70 colonias sin municipalizar, algunas con hasta 30 a\u00f1os de haber sido creadas, por ello asumi\u00f3 el compromiso de regularizar todos los fraccionamientos al t\u00e9rmino de su gesti\u00f3n: m\u00e1s de 20 se municipalizaron el a\u00f1o pasado, 30 son las previstas para 2023 y el resto se har\u00e1n en el \u00faltimo a\u00f1o del gobierno.<\/p>\n<p>Guti\u00e9rrez Andrade mencion\u00f3 tambi\u00e9n la modernizaci\u00f3n del Sistema Catastral Municipal, el cual permite hacer en l\u00ednea y en tiempo real aval\u00faos catastrales, alineamientos y n\u00famero oficial, licencias de construcci\u00f3n y terminaci\u00f3n de obra, adem\u00e1s de la consulta cartogr\u00e1fica.<\/p>\n<p>Finalmente, agradeci\u00f3 al ex Gobernador Mario Anguiano Moreno, Presidente de Actuemos Colima Ahora Asociaci\u00f3n Civil, a quien se acerc\u00f3 pidiendo su asesor\u00eda en materia de mejora regulatoria, pues fue una de las \u00e1reas en las que el municipio de Colima y el gobierno estatal destac\u00f3 cuando \u00e9l fue Alcalde de la capital y titular del Poder Ejecutivo del Estado.<\/p>\n<p>A la presentaci\u00f3n del Programa de Mejora Regulatoria en los Tr\u00e1mites de Transmisiones Patrimoniales en Villa de \u00c1lvarez asistieron Yolanda Padilla, Presidenta del Colegio de Arquitectos del Estado de Colima; Rafael Verduzco, Presidente del Colegio de Notarios en el Estado; Jorge Humberto Retana, Director del Instituto para el Registro del Territorio del Estado de Colima; Adolfo N\u00fa\u00f1ez, Director de Catastro del Estado de Colima; Carlos Saucedo, Presidente de CANADEVI Colima; Julio Lugo, Presidente de CMIC; Kevin Tello, Presidente de Canacintra; Luis Hurtado, Presidente de Canaco; el ex Gobernador Mario Anguiano, y los regidores Valeria Tintos y Roberto Rol\u00f3n.<\/p>\n","protected":false},"excerpt":{"rendered":"<p>*Presenta Tey Guti\u00e9rrez Programa de Mejora Regulatoria para agilizar la expedici\u00f3n de ese documento Villa de \u00c1lvarez, Col.- A las y los involucrados en el sector del desarrollo de vivienda, la Presidenta Tey Guti\u00e9rrez Andrade les present\u00f3 el Programa de Mejora Regulatoria en los Tr\u00e1mites de Transmisiones Patrimoniales en Villa de \u00c1lvarez, el cual reduce&#8230;<\/p>\n","protected":false},"author":2,"featured_media":27513,"comment_status":"open","ping_status":"open","sticky":false,"template":"","format":"standard","meta":{"footnotes":""},"categories":[8,42],"tags":[29,30,28],"class_list":["post-27512","post","type-post","status-publish","format-standard","has-post-thumbnail","hentry","category-municipios","category-villa-de-alvarez","tag-grid","tag-news","tag-slider"],"_links":{"self":[{"href":"http:\/\/elobservatorio.com.mx\/index.php?rest_route=\/wp\/v2\/posts\/27512"}],"collection":[{"href":"http:\/\/elobservatorio.com.mx\/index.php?rest_route=\/wp\/v2\/posts"}],"about":[{"href":"http:\/\/elobservatorio.com.mx\/index.php?rest_route=\/wp\/v2\/types\/post"}],"author":[{"embeddable":true,"href":"http:\/\/elobservatorio.com.mx\/index.php?rest_route=\/wp\/v2\/users\/2"}],"replies":[{"embeddable":true,"href":"http:\/\/elobservatorio.com.mx\/index.php?rest_route=%2Fwp%2Fv2%2Fcomments&post=27512"}],"version-history":[{"count":0,"href":"http:\/\/elobservatorio.com.mx\/index.php?rest_route=\/wp\/v2\/posts\/27512\/revisions"}],"wp:featuredmedia":[{"embeddable":true,"href":"http:\/\/elobservatorio.com.mx\/index.php?rest_route=\/wp\/v2\/media\/27513"}],"wp:attachment":[{"href":"http:\/\/elobservatorio.com.mx\/index.php?rest_route=%2Fwp%2Fv2%2Fmedia&parent=27512"}],"wp:term":[{"taxonomy":"category","embeddable":true,"href":"http:\/\/elobservatorio.com.mx\/index.php?rest_route=%2Fwp%2Fv2%2Fcategories&post=27512"},{"taxonomy":"post_tag","embeddable":true,"href":"http:\/\/elobservatorio.com.mx\/index.php?rest_route=%2Fwp%2Fv2%2Ftags&post=27512"}],"curies":[{"name":"wp","href":"https:\/\/api.w.org\/{rel}","templated":true}]}}