{"id":27515,"date":"2023-07-04T15:56:44","date_gmt":"2023-07-04T21:56:44","guid":{"rendered":"http:\/\/elobservatorio.com.mx\/?p=27515"},"modified":"2023-07-04T15:56:44","modified_gmt":"2023-07-04T21:56:44","slug":"griselda-martinez-anuncia-incremento-salarial-del-100-para-las-y-los-policias-auxiliares","status":"publish","type":"post","link":"http:\/\/elobservatorio.com.mx\/?p=27515","title":{"rendered":"Griselda Mart\u00ednez anuncia incremento salarial, del 100%, para las y los Polic\u00edas Auxiliares"},"content":{"rendered":"<p>Aunque Manzanillo se destaca por ser el municipio de todo el estado de Colma, donde mejor sueldo tienen las y los polic\u00edas, la presidenta Griselda Mart\u00ednez anunci\u00f3 un nuevo incremento para las y los polic\u00edas auxiliares del 100 por ciento, con lo cual se mejoran a\u00fan m\u00e1s las condiciones laborales de las y los encargados de la seguridad en el municipio.<\/p>\n<p>Acompa\u00f1ada por el director general de Seguridad P\u00fablica y Polic\u00eda Vial, Fernando Winfield Torres, la alcaldesa sostuvo que este incremento salarial ser\u00e1 v\u00e1lido a partir de la primera quincena de julio de 2023, \u201cno es cualquier cosa, se lo merecen por el trabajo que realizan y los invitamos a que se esfuercen cada d\u00eda. El sueldo de las y los polic\u00edas auxiliares ser\u00e1 de 7 mil 200 pesos en bruto y ya neto la cifra ser\u00e1 de alrededor de 6 mil 500 pesos a la quincena, se elevan a m\u00e1s del 100 por ciento sus percepciones\u201d.<\/p>\n<p>Destac\u00f3 que, en este plan de tener la mejor corporaci\u00f3n, se ha implementado la profesionalizaci\u00f3n de las y los cadetes, por lo cual ya est\u00e1 en proceso la segunda generaci\u00f3n, con lo cual se garantiza un mejor desempe\u00f1o, \u201cy eso se traduce en mejor seguridad en nuestros barrios y colonias; por ello Manzanillo es reconocido a nivel nacional por el descenso de los \u00edndices de violencia, somos un ejemplo; el Secretariado de Seguridad Nacional es muy recurrente que lo diga, que somos un ejemplo nacional que de manera permanente estamos reduciendo ese \u00edndice y que llevamos m\u00e1s del 60 por ciento de reducci\u00f3n con respecto a la fecha en que llegamos y seguimos trabajando en eso\u201d.<\/p>\n<p>Indic\u00f3 que estos resultados tienen que ver con toda una estrategia de seguridad, donde converge el esfuerzo de todas las direcciones de Ayuntamiento de Manzanillo que organizan eventos culturales, de educaci\u00f3n, de prevenci\u00f3n, de recuperaci\u00f3n de espacios p\u00fablicos, lo cual se hecho desde hace 5 a\u00f1os a favor de las y los manzanillenses.<\/p>\n<p>La alcaldesa mencion\u00f3 que, de manera constante, a las y los polic\u00edas se les dota de todas las herramientas para desarrollar su trabajo con las mejores condiciones, al igual que mejorando las instalaciones con las que cuentan, donde pueden ejercitarse, descansar, ba\u00f1arse, cambiarse, tomar sus alimentos en \u00e1reas dignas y c\u00f3modas, \u201ces una infraestructura que se ha venido mejorando para ellas y ellos\u201d.<\/p>\n<p>En el uso de la voz, y luego de agradecerle a la alcaldesa por el apoyo brindado, lo cual hizo a nombre de todo el personal a su cargo, el director general de Seguridad P\u00fablica y Polic\u00eda Vial, Fernando Winfield Torres, anunci\u00f3 que pr\u00f3ximamente se contar\u00e1 con 8 patrullas nuevas y dos de ellas ser\u00e1n patrullas para vialidad muy novedosas, \u201clas otras 6 ser\u00e1n para Seguridad P\u00fablica, para el personal que va a egresar como T\u00e9cnicos Superiores Universitarios. Todo est\u00e1 planeado de acuerdo con la estrategia. Contrataremos a esos 50 elementos, cuando egresen en septiembre, as\u00ed es que incrementamos el estado de fuerza de la corporaci\u00f3n\u201d.<\/p>\n<p>Destac\u00f3 que el incremento a las y los polic\u00edas auxiliares, responde al manejo honesto de los recursos p\u00fablicos, lo cual permite tambi\u00e9n, hacer contrataciones de personal todo el tiempo, \u201cqueremos conseguir el est\u00e1ndar internacional que est\u00e1 en tener 2.8 polic\u00edas por cada 1 mil habitantes. Los invito a contratarse, ganaban 3 mil 800, hoy van a ganar m\u00e1s de 6 mil pesos a la quincena, netos despu\u00e9s de impuestos\u201d.<\/p>\n<p>Agreg\u00f3 que en la direcci\u00f3n general de Seguridad P\u00fablica se cuenta con todas las herramientas para hacer lo mejor posible el trabajo, \u201cesto responde a la dignificaci\u00f3n de la polic\u00eda que es uno de los pilares de la estrategia de seguridad, la cual est\u00e1 bien dise\u00f1ada\u201d.<\/p>\n<p>Griselda Mart\u00ednez, agradeci\u00f3 la labor de todas y todos los polic\u00edas pues diariamente ponen en riesgo su vida para defender y procurar el bienestar de la poblaci\u00f3n, \u201cles pido que nos sigan ayudando como lo hacen y que se comprometan m\u00e1s pues nosotros estamos muy comprometidos con ustedes para mejorar sus condiciones y las de sus familias. Y bienvenidas a las personas que quieran ser parte de esta polic\u00eda, que no todos pueden entrar, s\u00f3lo las y los que tengan la vocaci\u00f3n\u201d.<\/p>\n<p>&nbsp;<\/p>\n","protected":false},"excerpt":{"rendered":"<p>Aunque Manzanillo se destaca por ser el municipio de todo el estado de Colma, donde mejor sueldo tienen las y los polic\u00edas, la presidenta Griselda Mart\u00ednez anunci\u00f3 un nuevo incremento para las y los polic\u00edas auxiliares del 100 por ciento, con lo cual se mejoran a\u00fan m\u00e1s las condiciones laborales de las y los encargados&#8230;<\/p>\n","protected":false},"author":2,"featured_media":27516,"comment_status":"open","ping_status":"open","sticky":false,"template":"","format":"standard","meta":{"footnotes":""},"categories":[35,8],"tags":[29,30,28],"class_list":["post-27515","post","type-post","status-publish","format-standard","has-post-thumbnail","hentry","category-manzanillo","category-municipios","tag-grid","tag-news","tag-slider"],"_links":{"self":[{"href":"http:\/\/elobservatorio.com.mx\/index.php?rest_route=\/wp\/v2\/posts\/27515"}],"collection":[{"href":"http:\/\/elobservatorio.com.mx\/index.php?rest_route=\/wp\/v2\/posts"}],"about":[{"href":"http:\/\/elobservatorio.com.mx\/index.php?rest_route=\/wp\/v2\/types\/post"}],"author":[{"embeddable":true,"href":"http:\/\/elobservatorio.com.mx\/index.php?rest_route=\/wp\/v2\/users\/2"}],"replies":[{"embeddable":true,"href":"http:\/\/elobservatorio.com.mx\/index.php?rest_route=%2Fwp%2Fv2%2Fcomments&post=27515"}],"version-history":[{"count":0,"href":"http:\/\/elobservatorio.com.mx\/index.php?rest_route=\/wp\/v2\/posts\/27515\/revisions"}],"wp:featuredmedia":[{"embeddable":true,"href":"http:\/\/elobservatorio.com.mx\/index.php?rest_route=\/wp\/v2\/media\/27516"}],"wp:attachment":[{"href":"http:\/\/elobservatorio.com.mx\/index.php?rest_route=%2Fwp%2Fv2%2Fmedia&parent=27515"}],"wp:term":[{"taxonomy":"category","embeddable":true,"href":"http:\/\/elobservatorio.com.mx\/index.php?rest_route=%2Fwp%2Fv2%2Fcategories&post=27515"},{"taxonomy":"post_tag","embeddable":true,"href":"http:\/\/elobservatorio.com.mx\/index.php?rest_route=%2Fwp%2Fv2%2Ftags&post=27515"}],"curies":[{"name":"wp","href":"https:\/\/api.w.org\/{rel}","templated":true}]}}