{"id":27580,"date":"2023-07-05T19:26:36","date_gmt":"2023-07-06T01:26:36","guid":{"rendered":"http:\/\/elobservatorio.com.mx\/?p=27580"},"modified":"2023-07-05T19:26:36","modified_gmt":"2023-07-06T01:26:36","slug":"margarita-moreno-entrego-rehabilitacion-de-las-avenidas-tecnologico-y-felipe-sevilla","status":"publish","type":"post","link":"http:\/\/elobservatorio.com.mx\/?p=27580","title":{"rendered":"Margarita Moreno entreg\u00f3 rehabilitaci\u00f3n de las avenidas Tecnol\u00f3gico y Felipe Sevilla\u00a0"},"content":{"rendered":"<p class=\"x_p1\"><em><span class=\"x_s1\">*Con esta obra se cumple al 100% metas del proyecto Movilidad Eficiente. ++Se rehabilitaron avenidas que comprenden el circuito Camino Real, Sevilla del R\u00edo y Tecnol\u00f3gico\u00a0<\/span><\/em><\/p>\n<p class=\"x_p1\"><span class=\"x_s1\">La presidenta municipal de Colima, Margarita Moreno, entreg\u00f3 formalmente la rehabilitaci\u00f3n y reencarpetamiento de las avenidas Tecnol\u00f3gico y Felipe Sevilla del R\u00edo, en ambos sentidos, desde la calle Amado Nervo, hasta el boulevard Camino Real.\u00a0<\/span><\/p>\n<p class=\"x_p1\"><span class=\"x_s1\">\u00abDesde el primer d\u00eda de nuestra administraci\u00f3n nos pusimos la meta de que cada acci\u00f3n de nuestra administraci\u00f3n ten\u00eda que generar un beneficio directo a las familias. Y estas vialidades son de las m\u00e1s transitadas y que por muchos a\u00f1os no se le dio mantenimiento. Es una obra que le hac\u00eda falta a Colima y que demuestra que los impuestos de la gente est\u00e1n trabajando\u00bb, expres\u00f3 la alcaldesa.\u00a0<\/span><\/p>\n<p class=\"x_p1\"><span class=\"x_s1\">As\u00ed, Margarita Moreno constat\u00f3 el cumplimiento del 100% de metas del proyecto Movilidad Eficiente, cuyo objetivo era la rehabilitaci\u00f3n total de las avenidas Camino Real, Sevilla de R\u00edo, Tecnol\u00f3gico, as\u00ed como otras importantes arterias viales del centro de la capital.\u00a0<\/span><\/p>\n<p class=\"x_p1\"><span class=\"x_s1\">Margarita Moreno destac\u00f3 que estas acciones demuestran que el Ayuntamiento de Colima trabaja para optimizar y aprovechar al m\u00e1ximo los recursos p\u00fablicos, provenientes de los impuestos de la poblaci\u00f3n, para generar acciones que beneficien a las familias de Colima.\u00a0<\/span><\/p>\n<p class=\"x_p1\"><span class=\"x_s1\">Precis\u00f3 que se rehabilitaron las avenidas m\u00e1s concurridas, donde se encuentra una gran movilidad, como en la avenida Camino Real, donde se ubican la Universidad de Colima, el Cbtis 19 y la secundaria n\u00famero 80, entre otros centros educativos e instituciones p\u00fablicas, cuyas instalaciones son muy concurridas.\u00a0<\/span><\/p>\n<p class=\"x_p1\"><span class=\"x_s1\">Por su parte, el director de Obras P\u00fablicas del Ayuntamiento de Colima, Omar Cruz Carrillo, resalt\u00f3 que la rehabilitaci\u00f3n de estas importantes v\u00edas consisti\u00f3 en el reencarpetamiento de m\u00e1s de 2 kil\u00f3metros de v\u00eda y 41 mil metros cuadrados, adem\u00e1s de que se hizo en tiempo y forma, sin afectar comercios ni vecinos, cumpliendo el 100% de los objetivos del proyecto Movilidad Eficiente.<\/span><\/p>\n<p class=\"x_p1\"><span class=\"x_s1\">En representaci\u00f3n de los beneficiados, Margarita S\u00e1nchez G\u00f3mez, presidenta del comit\u00e9 de obra y de participaci\u00f3n ciudadana, agradeci\u00f3 a Margarita Moreno la rehabilitaci\u00f3n de estas importantes v\u00edas de comunicaci\u00f3n, sobre todo hacerlo antes del periodo de lluvias.\u00a0<\/span><\/p>\n<p class=\"x_p1\"><span class=\"x_s1\">Margarita Moreno dio el banderazo de salida con la participaci\u00f3n de la diputada Fernanda Salazar, el regidor Osiris Alcaraz Saucedo, el director del IPCO, Jes\u00fas S\u00e1nchez Romo y la secretaria del Ayuntamiento de Colima, Himelda Meraz S\u00e1nchez.\u00a0<\/span><\/p>\n<p class=\"x_p1\"><span class=\"x_s1\">Posteriormente realiz\u00f3 el corte del list\u00f3n, por lo que se formaliz\u00f3 el cumplimiento del 100% de las metas del Proyecto Movilidad Eficiente, cuyas acciones garantizan una mayor seguridad para las familias.<\/span><\/p>\n","protected":false},"excerpt":{"rendered":"<p>*Con esta obra se cumple al 100% metas del proyecto Movilidad Eficiente. ++Se rehabilitaron avenidas que comprenden el circuito Camino Real, Sevilla del R\u00edo y Tecnol\u00f3gico\u00a0 La presidenta municipal de Colima, Margarita Moreno, entreg\u00f3 formalmente la rehabilitaci\u00f3n y reencarpetamiento de las avenidas Tecnol\u00f3gico y Felipe Sevilla del R\u00edo, en ambos sentidos, desde la calle Amado&#8230;<\/p>\n","protected":false},"author":2,"featured_media":27581,"comment_status":"open","ping_status":"open","sticky":false,"template":"","format":"standard","meta":{"footnotes":""},"categories":[36,8],"tags":[29,30,28],"class_list":["post-27580","post","type-post","status-publish","format-standard","has-post-thumbnail","hentry","category-colima","category-municipios","tag-grid","tag-news","tag-slider"],"_links":{"self":[{"href":"http:\/\/elobservatorio.com.mx\/index.php?rest_route=\/wp\/v2\/posts\/27580"}],"collection":[{"href":"http:\/\/elobservatorio.com.mx\/index.php?rest_route=\/wp\/v2\/posts"}],"about":[{"href":"http:\/\/elobservatorio.com.mx\/index.php?rest_route=\/wp\/v2\/types\/post"}],"author":[{"embeddable":true,"href":"http:\/\/elobservatorio.com.mx\/index.php?rest_route=\/wp\/v2\/users\/2"}],"replies":[{"embeddable":true,"href":"http:\/\/elobservatorio.com.mx\/index.php?rest_route=%2Fwp%2Fv2%2Fcomments&post=27580"}],"version-history":[{"count":0,"href":"http:\/\/elobservatorio.com.mx\/index.php?rest_route=\/wp\/v2\/posts\/27580\/revisions"}],"wp:featuredmedia":[{"embeddable":true,"href":"http:\/\/elobservatorio.com.mx\/index.php?rest_route=\/wp\/v2\/media\/27581"}],"wp:attachment":[{"href":"http:\/\/elobservatorio.com.mx\/index.php?rest_route=%2Fwp%2Fv2%2Fmedia&parent=27580"}],"wp:term":[{"taxonomy":"category","embeddable":true,"href":"http:\/\/elobservatorio.com.mx\/index.php?rest_route=%2Fwp%2Fv2%2Fcategories&post=27580"},{"taxonomy":"post_tag","embeddable":true,"href":"http:\/\/elobservatorio.com.mx\/index.php?rest_route=%2Fwp%2Fv2%2Ftags&post=27580"}],"curies":[{"name":"wp","href":"https:\/\/api.w.org\/{rel}","templated":true}]}}