{"id":27589,"date":"2023-07-06T16:25:53","date_gmt":"2023-07-06T22:25:53","guid":{"rendered":"http:\/\/elobservatorio.com.mx\/?p=27589"},"modified":"2023-07-06T16:25:53","modified_gmt":"2023-07-06T22:25:53","slug":"margarita-moreno-activa-la-estrategia-por-la-ninez-manos-a-la-obra-durante-estas-vacaciones","status":"publish","type":"post","link":"http:\/\/elobservatorio.com.mx\/?p=27589","title":{"rendered":"Margarita Moreno activa la estrategia \u00abPor la ni\u00f1ez Manos a la obra\u00bb durante estas vacaciones"},"content":{"rendered":"<p><em>*Estas actividades de verano se realizar\u00e1n del 17 de julio al 04 de agosto y prev\u00e9n que participen 850 ni\u00f1as y ni\u00f1os.<\/em><br aria-hidden=\"true\" \/><br aria-hidden=\"true\" \/>La presidenta municipal de Colima, Margarita Moreno, inform\u00f3 que durante el 17 de julio al 04 de agosto se activar\u00e1 la estrategia de verano \u00abPor la ni\u00f1ez Manos a la Obra\u00bb, para cerca de 850 ni\u00f1as y ni\u00f1os de 6 a 12 a\u00f1os, cuyas actividades se realizar\u00e1n en 18 espacios diferentes, entre canchas deportivas, bibliotecas y centros culturales, en colonias y comunidades.<br aria-hidden=\"true\" \/><br aria-hidden=\"true\" \/>\u00abMi compromiso siempre ha sido fuerte y claro a favor de las mujeres y de las familias, por lo que con estos cursos vamos a llevar actividades a nuestras ni\u00f1as y ni\u00f1os\u00bb, expres\u00f3 la alcaldesa de la capital del estado.<br aria-hidden=\"true\" \/><br aria-hidden=\"true\" \/>Asegur\u00f3 que con el deporte y el arte se dan herramientas para la reconstrucci\u00f3n del tejido social, motivo por cual se impulsa esta estrategia que llevar\u00e1 amor a las ni\u00f1as y ni\u00f1os durante este periodo vacacional.<br aria-hidden=\"true\" \/><br aria-hidden=\"true\" \/>Margarita Moreno celebr\u00f3 que estas actividades se van a llevar a cabo tambi\u00e9n en las comunidades del municipio, y refrend\u00f3 su respaldo para trabajar en equipo en la construcci\u00f3n de un Colima m\u00e1s limpio, pr\u00f3spero, ordenado, pero sobre todo m\u00e1s humano.<br aria-hidden=\"true\" \/><br aria-hidden=\"true\" \/>Fernando Cruz Garc\u00eda, director general de Proyectos Estrat\u00e9gicos del Ayuntamiento de Colima, inform\u00f3 que las actividades de verano se convirtieron en una estrategia integral denominada Por la Ni\u00f1ez Manos a la Obra, en la participan las diferentes direcciones del Ayuntamiento con jornadas recreativas, deportivas y educativas.<br aria-hidden=\"true\" \/><br aria-hidden=\"true\" \/>Por su parte, Dulce Campos Grimaldo, directora General del DIF Municipal Colima, puntualiz\u00f3 que por primera vez se impulsar\u00e1n estas actividades de verano durante dos semanas en las instalaciones del DIF Municipal, donde participar\u00e1n los Bomberos, la direcci\u00f3n de Ecolog\u00eda, de PANNAR, adem\u00e1s de que se llevar\u00e1n actividades a las comunidades de Tinajas, El Chanal, entre otras m\u00e1s.<br aria-hidden=\"true\" \/>A su vez, Araceli Vargas Avi\u00f1a, Directora General Adjunta de Educaci\u00f3n, Cultura y Recreaci\u00f3n resalt\u00f3 que est\u00e1n preparados para recibir a cerca de 200 ni\u00f1as y ni\u00f1os de las colonias y comunidades del municipio, con actividades art\u00edsticas, de elaboraci\u00f3n de instrumentos prehisp\u00e1nicos, danza folcl\u00f3rica, cuidado del medio ambiente, educaci\u00f3n vial, cuidado de mascotas, as\u00ed como clases de guitarra, viol\u00edn, trompeta y canto, entre otras actividades que permitir\u00e1n a la ni\u00f1ez aprender jugando.<br aria-hidden=\"true\" \/><br aria-hidden=\"true\" \/>Por \u00faltimo, Antonio Ruiz Mendoza, Director de Fomento Deportivo, explic\u00f3 que se realizar\u00e1n actividades deportivas en diferentes canchas y centros deportivos de las colonias y comunidades del municipio de Colima, con el objetivo de iniciar a la ni\u00f1ez en una disciplina deportiva al tiempo de que se ense\u00f1an principios y valores.<br aria-hidden=\"true\" \/><br aria-hidden=\"true\" \/>Informes sobre la inscripci\u00f3n, horarios y lugares donde se realizar\u00e1n los cursos pueden consultarse en las instalaciones del DIF municipal Colima, el Centro Deportivo Placetas y en la direcci\u00f3n de \u00a0Educaci\u00f3n, Cultura y Recreaci\u00f3n, a trav\u00e9s de los tel\u00e9fonos 312 88 73, 316 38 39 y 312 76 80.<\/p>\n","protected":false},"excerpt":{"rendered":"<p>*Estas actividades de verano se realizar\u00e1n del 17 de julio al 04 de agosto y prev\u00e9n que participen 850 ni\u00f1as y ni\u00f1os.La presidenta municipal de Colima, Margarita Moreno, inform\u00f3 que durante el 17 de julio al 04 de agosto se activar\u00e1 la estrategia de verano \u00abPor la ni\u00f1ez Manos a la Obra\u00bb, para cerca de&#8230;<\/p>\n","protected":false},"author":2,"featured_media":27590,"comment_status":"open","ping_status":"open","sticky":false,"template":"","format":"standard","meta":{"footnotes":""},"categories":[36,8],"tags":[29,30,28],"class_list":["post-27589","post","type-post","status-publish","format-standard","has-post-thumbnail","hentry","category-colima","category-municipios","tag-grid","tag-news","tag-slider"],"_links":{"self":[{"href":"http:\/\/elobservatorio.com.mx\/index.php?rest_route=\/wp\/v2\/posts\/27589"}],"collection":[{"href":"http:\/\/elobservatorio.com.mx\/index.php?rest_route=\/wp\/v2\/posts"}],"about":[{"href":"http:\/\/elobservatorio.com.mx\/index.php?rest_route=\/wp\/v2\/types\/post"}],"author":[{"embeddable":true,"href":"http:\/\/elobservatorio.com.mx\/index.php?rest_route=\/wp\/v2\/users\/2"}],"replies":[{"embeddable":true,"href":"http:\/\/elobservatorio.com.mx\/index.php?rest_route=%2Fwp%2Fv2%2Fcomments&post=27589"}],"version-history":[{"count":0,"href":"http:\/\/elobservatorio.com.mx\/index.php?rest_route=\/wp\/v2\/posts\/27589\/revisions"}],"wp:featuredmedia":[{"embeddable":true,"href":"http:\/\/elobservatorio.com.mx\/index.php?rest_route=\/wp\/v2\/media\/27590"}],"wp:attachment":[{"href":"http:\/\/elobservatorio.com.mx\/index.php?rest_route=%2Fwp%2Fv2%2Fmedia&parent=27589"}],"wp:term":[{"taxonomy":"category","embeddable":true,"href":"http:\/\/elobservatorio.com.mx\/index.php?rest_route=%2Fwp%2Fv2%2Fcategories&post=27589"},{"taxonomy":"post_tag","embeddable":true,"href":"http:\/\/elobservatorio.com.mx\/index.php?rest_route=%2Fwp%2Fv2%2Ftags&post=27589"}],"curies":[{"name":"wp","href":"https:\/\/api.w.org\/{rel}","templated":true}]}}