{"id":27634,"date":"2023-07-10T22:20:58","date_gmt":"2023-07-11T04:20:58","guid":{"rendered":"http:\/\/elobservatorio.com.mx\/?p=27634"},"modified":"2023-07-10T22:20:58","modified_gmt":"2023-07-11T04:20:58","slug":"se-suma-escuela-primaria-patricio-araujo-al-programa-escuadron-vial-en-la-villa","status":"publish","type":"post","link":"http:\/\/elobservatorio.com.mx\/?p=27634","title":{"rendered":"Se suma escuela primaria \u201cPatricio Araujo\u201d al programa \u201cEscuadr\u00f3n Vial\u201d, en la Villa"},"content":{"rendered":"<p><em>*Cada vez son m\u00e1s pap\u00e1s y maestros \u00a0los convencidos en que la seguridad de los ni\u00f1os, ni\u00f1as y adolescentes del municipio es lo m\u00e1s importante: Tey Guti\u00e9rrez.<\/em><br aria-hidden=\"true\" \/><br aria-hidden=\"true\" \/>Villa de \u00c1lvarez, Col.- \u00a0Padres, madres y maestros de la escuela primaria \u201cPatricio Araujo\u201d, en la colonia Villas Bugambilias, recibieron un reconocimiento de parte del Gobierno Municipal de Villa de \u00c1lvarez, \u00a0por integrarse y aplicar con responsabilidad las estrategias del programa \u201cEscuadr\u00f3n Vial\u201d durante los horarios de entrada y salida del alumnado.<br aria-hidden=\"true\" \/><br aria-hidden=\"true\" \/>Durante el acto protocolario, la Presidenta Tey Guti\u00e9rrez Andrade se\u00f1al\u00f3 que este programa ha sido todo un \u00e9xito en el municipio, el cual se aplica en preescolares y primarias de Villa de \u00c1lvarez, en donde, a trav\u00e9s del trabajo conjunto de padres, madres, personal docente y el Gobierno Municipal, se lleva a cabo el resguardo vial para garantizar la seguridad de ni\u00f1os y ni\u00f1as.<br aria-hidden=\"true\" \/><br aria-hidden=\"true\" \/>La Alcaldesa destac\u00f3 la importancia de sumar esfuerzos, para que a trav\u00e9s de equipos organizados y capacitados se cuide a lo m\u00e1s importante que se tiene como sociedad: los ni\u00f1os, ni\u00f1as y juventudes.<br aria-hidden=\"true\" \/><br aria-hidden=\"true\" \/>Tey Guti\u00e9rrez agradeci\u00f3 el inter\u00e9s de los padres de familia, quienes, a trav\u00e9s de la Direcci\u00f3n de Tr\u00e1nsito y Vialidad, se est\u00e1n capacitando para que estos trabajos se realicen conforme a los reglamentos del municipio, \u201cvemos que m\u00e1s padres y madres de familia y m\u00e1s maestros y maestros est\u00e1n convencidos de trabajar a favor de la seguridad vial en beneficio de ni\u00f1os, ni\u00f1as y adolescentes\u201d.<\/p>\n","protected":false},"excerpt":{"rendered":"<p>*Cada vez son m\u00e1s pap\u00e1s y maestros \u00a0los convencidos en que la seguridad de los ni\u00f1os, ni\u00f1as y adolescentes del municipio es lo m\u00e1s importante: Tey Guti\u00e9rrez.Villa de \u00c1lvarez, Col.- \u00a0Padres, madres y maestros de la escuela primaria \u201cPatricio Araujo\u201d, en la colonia Villas Bugambilias, recibieron un reconocimiento de parte del Gobierno Municipal de Villa&#8230;<\/p>\n","protected":false},"author":2,"featured_media":27635,"comment_status":"open","ping_status":"open","sticky":false,"template":"","format":"standard","meta":{"footnotes":""},"categories":[8,42],"tags":[29,30,28],"class_list":["post-27634","post","type-post","status-publish","format-standard","has-post-thumbnail","hentry","category-municipios","category-villa-de-alvarez","tag-grid","tag-news","tag-slider"],"_links":{"self":[{"href":"http:\/\/elobservatorio.com.mx\/index.php?rest_route=\/wp\/v2\/posts\/27634"}],"collection":[{"href":"http:\/\/elobservatorio.com.mx\/index.php?rest_route=\/wp\/v2\/posts"}],"about":[{"href":"http:\/\/elobservatorio.com.mx\/index.php?rest_route=\/wp\/v2\/types\/post"}],"author":[{"embeddable":true,"href":"http:\/\/elobservatorio.com.mx\/index.php?rest_route=\/wp\/v2\/users\/2"}],"replies":[{"embeddable":true,"href":"http:\/\/elobservatorio.com.mx\/index.php?rest_route=%2Fwp%2Fv2%2Fcomments&post=27634"}],"version-history":[{"count":0,"href":"http:\/\/elobservatorio.com.mx\/index.php?rest_route=\/wp\/v2\/posts\/27634\/revisions"}],"wp:featuredmedia":[{"embeddable":true,"href":"http:\/\/elobservatorio.com.mx\/index.php?rest_route=\/wp\/v2\/media\/27635"}],"wp:attachment":[{"href":"http:\/\/elobservatorio.com.mx\/index.php?rest_route=%2Fwp%2Fv2%2Fmedia&parent=27634"}],"wp:term":[{"taxonomy":"category","embeddable":true,"href":"http:\/\/elobservatorio.com.mx\/index.php?rest_route=%2Fwp%2Fv2%2Fcategories&post=27634"},{"taxonomy":"post_tag","embeddable":true,"href":"http:\/\/elobservatorio.com.mx\/index.php?rest_route=%2Fwp%2Fv2%2Ftags&post=27634"}],"curies":[{"name":"wp","href":"https:\/\/api.w.org\/{rel}","templated":true}]}}