{"id":27640,"date":"2023-07-11T15:51:28","date_gmt":"2023-07-11T21:51:28","guid":{"rendered":"http:\/\/elobservatorio.com.mx\/?p=27640"},"modified":"2023-07-11T16:51:53","modified_gmt":"2023-07-11T22:51:53","slug":"villa-de-alvarez-el-municipio-que-mas-colonias-regularizadas-canadevi","status":"publish","type":"post","link":"http:\/\/elobservatorio.com.mx\/?p=27640","title":{"rendered":"Villa de \u00c1lvarez, el municipio que m\u00e1s colonias regulariza: Canadevi"},"content":{"rendered":"<p><em>*Municipaliza Cabildo el fraccionamiento Montellano<\/em><br aria-hidden=\"true\" \/><br aria-hidden=\"true\" \/>Villa de \u00c1lvarez, Col.- De los diez municipios del estado, Villa de \u00c1lvarez es el que m\u00e1s colonias y fraccionamientos ha regularizado en los \u00faltimos dos a\u00f1os, asegur\u00f3 Jes\u00fas C\u00e1rdenas, afiliado de la C\u00e1mara Nacional de Desarrolladores de Vivienda en Colima.<br aria-hidden=\"true\" \/><br aria-hidden=\"true\" \/>En la colonia Montellano, donde en sesi\u00f3n del Cabildo se municipalizaron sus etapas 4 y 5, el integrante de Canadevi se\u00f1al\u00f3 que esa pol\u00edtica p\u00fablica debe reconocerse, porque en municipios m\u00e1s grandes, como Manzanillo y Colima capital, no se est\u00e1 construyendo la cantidad de vivienda \u00a0que tiene Villa de \u00c1lvarez y eso demuestra el compromiso que se tiene con el desarrollo econ\u00f3mico.<br aria-hidden=\"true\" \/><br aria-hidden=\"true\" \/>Tras la municipalizaci\u00f3n de las etapas \u00a04 y 5 y de la colonia Montellano II, ubicada al norte de la Ciudad, la Alcaldesa Tey Guti\u00e9rrez destac\u00f3 que se sigue avanzando en el cumplimiento de una de las Metas Estrat\u00e9gicas del Programa de Gobierno para el A\u00f1o 2023, que establece 30 acciones de ese tipo durante este a\u00f1o.<br aria-hidden=\"true\" \/><br aria-hidden=\"true\" \/>Ante vecinos y vecinas de ese fraccionamiento, creado en el a\u00f1o 2010, la Presidenta Municipal record\u00f3 que al inicio de su gobierno hab\u00eda en Villa de \u00c1lvarez 70 colonias pendientes de municipalizar, algunas de ellas con muchos a\u00f1os de creaci\u00f3n.<br aria-hidden=\"true\" \/><br aria-hidden=\"true\" \/>Indic\u00f3 que ya municipalizada la colonia Montellano, su gobierno estar\u00e1 muy al pendiente de prestar los servicios p\u00fablicos como las y los colonos lo merecen, para ello \u00a0se adquirieron hace unos d\u00edas m\u00e1s camiones recolectores de basura, para completar seis compactadores, m\u00e1s dos que se tienen \u00a0a cielo abierto, un tractor, dos camionetas de 3.5 toneladas, una pipa, un tractor y una gr\u00faa con canastilla.<br aria-hidden=\"true\" \/><br aria-hidden=\"true\" \/>Ram\u00f3n Vel\u00e1zquez, Presidente del Comit\u00e9 de Barrio de la colonia Montellano, agradeci\u00f3 que no obstante no estaba municipalizada la colonia, fructificaron las gestiones para que se prestaran los servicios p\u00fablicos, como alumbrado p\u00fablico, recolecci\u00f3n de basura, vigilancia policiaca y empedrados; sin embargo, \u201cla regularizaci\u00f3n nos permite transitar a un paso para acceder a recursos que puedan dedicarse a obras p\u00fablicas\u201d.<br aria-hidden=\"true\" \/><br aria-hidden=\"true\" \/>Sergio Nava, empresario desarrollador de Montellano, coment\u00f3 \u00a0que los compromisos pendientes con la colonia, como terminar algunos mantenimientos de banquetas y el bacheo de empedrados, \u201csi el clima lo permite, los terminaremos en dos semanas\u201d.<\/p>\n","protected":false},"excerpt":{"rendered":"<p>*Municipaliza Cabildo el fraccionamiento MontellanoVilla de \u00c1lvarez, Col.- De los diez municipios del estado, Villa de \u00c1lvarez es el que m\u00e1s colonias y fraccionamientos ha regularizado en los \u00faltimos dos a\u00f1os, asegur\u00f3 Jes\u00fas C\u00e1rdenas, afiliado de la C\u00e1mara Nacional de Desarrolladores de Vivienda en Colima.En la colonia Montellano, donde en sesi\u00f3n del Cabildo se municipalizaron&#8230;<\/p>\n","protected":false},"author":2,"featured_media":27641,"comment_status":"open","ping_status":"open","sticky":false,"template":"","format":"standard","meta":{"footnotes":""},"categories":[8,42],"tags":[29,30,28],"class_list":["post-27640","post","type-post","status-publish","format-standard","has-post-thumbnail","hentry","category-municipios","category-villa-de-alvarez","tag-grid","tag-news","tag-slider"],"_links":{"self":[{"href":"http:\/\/elobservatorio.com.mx\/index.php?rest_route=\/wp\/v2\/posts\/27640"}],"collection":[{"href":"http:\/\/elobservatorio.com.mx\/index.php?rest_route=\/wp\/v2\/posts"}],"about":[{"href":"http:\/\/elobservatorio.com.mx\/index.php?rest_route=\/wp\/v2\/types\/post"}],"author":[{"embeddable":true,"href":"http:\/\/elobservatorio.com.mx\/index.php?rest_route=\/wp\/v2\/users\/2"}],"replies":[{"embeddable":true,"href":"http:\/\/elobservatorio.com.mx\/index.php?rest_route=%2Fwp%2Fv2%2Fcomments&post=27640"}],"version-history":[{"count":0,"href":"http:\/\/elobservatorio.com.mx\/index.php?rest_route=\/wp\/v2\/posts\/27640\/revisions"}],"wp:featuredmedia":[{"embeddable":true,"href":"http:\/\/elobservatorio.com.mx\/index.php?rest_route=\/wp\/v2\/media\/27641"}],"wp:attachment":[{"href":"http:\/\/elobservatorio.com.mx\/index.php?rest_route=%2Fwp%2Fv2%2Fmedia&parent=27640"}],"wp:term":[{"taxonomy":"category","embeddable":true,"href":"http:\/\/elobservatorio.com.mx\/index.php?rest_route=%2Fwp%2Fv2%2Fcategories&post=27640"},{"taxonomy":"post_tag","embeddable":true,"href":"http:\/\/elobservatorio.com.mx\/index.php?rest_route=%2Fwp%2Fv2%2Ftags&post=27640"}],"curies":[{"name":"wp","href":"https:\/\/api.w.org\/{rel}","templated":true}]}}