{"id":27643,"date":"2023-07-11T16:25:32","date_gmt":"2023-07-11T22:25:32","guid":{"rendered":"http:\/\/elobservatorio.com.mx\/?p=27643"},"modified":"2023-07-11T16:25:32","modified_gmt":"2023-07-11T22:25:32","slug":"de-benditas-a-malditas-2","status":"publish","type":"post","link":"http:\/\/elobservatorio.com.mx\/?p=27643","title":{"rendered":"DE BENDITAS A MALDITAS."},"content":{"rendered":"<p><strong>VIVENCIAS<\/strong><br \/>\n<em>Carlos Alberto Olvera S\u00e1nchez* <\/em><\/p>\n<p>A m\u00e1s de cinco a\u00f1os de lo que el Jefe del Gobierno Federal, calific\u00f3 de \u00abBenditas, las redes sociales\u00bb hoy parece ser su peor enemigo, el uso de las t\u00e9cnicas de la informaci\u00f3n, a las que d\u00eda a d\u00eda tienen m\u00e1s acceso los Mexicanos.<\/p>\n<p>Representan los niveles de aceptaci\u00f3n y preferencia, de quienes van a suceder a L\u00f3pez Obrador en Palacio Nacional, donde ninguna de sus \u00abCorcholatas\u00bb a m\u00e1s de a\u00f1o y medio, de un recio despliegue publicitario- \u00bf De d\u00f3nde saldr\u00e1 el dinero , para espectaculares, camiones, impresos y otros?- no han logrado despertar la pasi\u00f3n , c\u00f3mo la que representa <strong>X\u00f3chitl G\u00e1lvez<\/strong>, quien haciendo uso de las benditas redes sociales, logr\u00f3 posicionarse en un breve lapso de tiempo, c\u00f3mo una candidata que despierta la pasi\u00f3n y esperanza del pueblo Mexicano, a tal grado de compararse cuando futbol\u00edsticamente juega el seleccionado Nacional, mi dicho se puede corroborar, con solo \u00abAventarse un Clavado, a Twitter, facebook, Whatsapp, tik Tok, d\u00f3nde el n\u00famero de seguidores de la Hidalguense, es Mayor a cualesquiese de la marca Morena.<\/p>\n<p>A ra\u00edz de dicho fen\u00f3meno Pol\u00edtico, L\u00f3pez Obrador ya no marca la agenda nacional, muestra de ello, es su baja de 0.8 seg\u00fan la prestigiada encuestadora Mitosfsky, durante la \u00faltima semana de junio y la primera de julio, donde son Noticia Nacional de primera plana, todo lo que tenga que ver con el proceso de selecci\u00f3n del candidato del frente amplio por M\u00e9xico.<\/p>\n<p>Dicho descenso de ocho d\u00e9cimas, es el debacle de \u00bb Una muerte anunciada\u00bb c\u00f3mo le sucede a todo Presidente, el \u00faltimo a\u00f1o de su sexenio, es completamente ignorado y abandonado, los problemas sociales se agudizan, solo basta ver los noticieros nacionales, para percibir el desorden que impera en el pa\u00eds , la farsa Gubernamental ya cay\u00f3.<\/p>\n<p>Se est\u00e1 ante un camino sinuoso, d\u00f3nde el reto del pr\u00f3ximo presidente de M\u00e9xico, debe ser sacar de la miseria, la ignorancia a millones de paisanos, la bandera de una alianza triunfadora debe de incluir esos ingredientes, que a m\u00e1s de un siglo de la Revoluci\u00f3n Mexicana se les ha negado a los de abajo, un mejor porvenir, sin duda es tiempo de las mujeres, y X\u00f3chitl G\u00e1lvez ya levant\u00f3 la mano, y dijo presente.<\/p>\n<p>Record\u00e1ndoles a mis selectos lectores, puedo decir que no soy ni Chairo , ni fif\u00ed me Canso Ganso .<\/p>\n<p><strong>A MANERA DE COMENTARIO<\/strong><\/p>\n<p><strong>MARTIN FLORES<\/strong> dirigente del sindicato de Bur\u00f3cratas al Servicio del Estado, se vi\u00f3 mal en su papel de emisario de la Jefa del Ejecutivo del Estado, en el evento del presidenciable, Ad\u00e1n Augusto L\u00f3pez, esa costosa movilizaci\u00f3n , le hubiese servido a sus agremiados, m\u00ednimo para surtir una canasta b\u00e1sica. Mart\u00edn el abogado o el Secretario General, sabe del \u00e1mbito de la competencia del rescate del Ipecol, Ad\u00e1n Augusto no es oficial\u00eda de partes, menos Ministerio P\u00fablico\u00a0 para denunciar el quebranto de dicho Instituto.<\/p>\n<p><strong>*INSEGURIDAD EN COLIMA<\/strong> no tiene fecha de caducidad, seguimos siendo nota nacional e Internacional en hechos delictivos encabezando la lista los homicidos a raiz de la violencia en la entidad, d\u00f3nde mientras se trata de minimizar, los tr\u00e1gicos sucesos sangrientos delatan a quienes, ya debiesen haber empleado estrategia alguna efectiva, los abrazos y\u00a0 no balazos, es una frase m\u00e1s que un mecanismo de prevenci\u00f3n y control, en materia de seguridad. \u00bfQue uso se le estar\u00e1 dando a la casona de la Galvan,d\u00f3nde se reunia la chiquimafia? Se acuerdan de Interesante promesa de Campa\u00f1a&#8230;<\/p>\n<p><em>*Vocero del Frente Magisterial Independiente<\/em><\/p>\n","protected":false},"excerpt":{"rendered":"<p>VIVENCIAS Carlos Alberto Olvera S\u00e1nchez* A m\u00e1s de cinco a\u00f1os de lo que el Jefe del Gobierno Federal, calific\u00f3 de \u00abBenditas, las redes sociales\u00bb hoy parece ser su peor enemigo, el uso de las t\u00e9cnicas de la informaci\u00f3n, a las que d\u00eda a d\u00eda tienen m\u00e1s acceso los Mexicanos. Representan los niveles de aceptaci\u00f3n y&#8230;<\/p>\n","protected":false},"author":2,"featured_media":11152,"comment_status":"open","ping_status":"open","sticky":false,"template":"","format":"standard","meta":{"footnotes":""},"categories":[11],"tags":[29,30,28],"class_list":["post-27643","post","type-post","status-publish","format-standard","has-post-thumbnail","hentry","category-opinion","tag-grid","tag-news","tag-slider"],"_links":{"self":[{"href":"http:\/\/elobservatorio.com.mx\/index.php?rest_route=\/wp\/v2\/posts\/27643"}],"collection":[{"href":"http:\/\/elobservatorio.com.mx\/index.php?rest_route=\/wp\/v2\/posts"}],"about":[{"href":"http:\/\/elobservatorio.com.mx\/index.php?rest_route=\/wp\/v2\/types\/post"}],"author":[{"embeddable":true,"href":"http:\/\/elobservatorio.com.mx\/index.php?rest_route=\/wp\/v2\/users\/2"}],"replies":[{"embeddable":true,"href":"http:\/\/elobservatorio.com.mx\/index.php?rest_route=%2Fwp%2Fv2%2Fcomments&post=27643"}],"version-history":[{"count":0,"href":"http:\/\/elobservatorio.com.mx\/index.php?rest_route=\/wp\/v2\/posts\/27643\/revisions"}],"wp:featuredmedia":[{"embeddable":true,"href":"http:\/\/elobservatorio.com.mx\/index.php?rest_route=\/wp\/v2\/media\/11152"}],"wp:attachment":[{"href":"http:\/\/elobservatorio.com.mx\/index.php?rest_route=%2Fwp%2Fv2%2Fmedia&parent=27643"}],"wp:term":[{"taxonomy":"category","embeddable":true,"href":"http:\/\/elobservatorio.com.mx\/index.php?rest_route=%2Fwp%2Fv2%2Fcategories&post=27643"},{"taxonomy":"post_tag","embeddable":true,"href":"http:\/\/elobservatorio.com.mx\/index.php?rest_route=%2Fwp%2Fv2%2Ftags&post=27643"}],"curies":[{"name":"wp","href":"https:\/\/api.w.org\/{rel}","templated":true}]}}