{"id":27661,"date":"2023-07-11T18:40:58","date_gmt":"2023-07-12T00:40:58","guid":{"rendered":"http:\/\/elobservatorio.com.mx\/?p=27661"},"modified":"2023-07-11T23:08:54","modified_gmt":"2023-07-12T05:08:54","slug":"margarita-moreno-apoya-economia-familia-con-tiendita-contigo","status":"publish","type":"post","link":"http:\/\/elobservatorio.com.mx\/?p=27661","title":{"rendered":"Margarita Moreno apoya econom\u00eda familiar con \u201cTiendita Contigo\u201d"},"content":{"rendered":"<div dir=\"auto\"><em>*Llev\u00f3 este programa a la colonia Las Amarillas, donde ofreci\u00f3 productos a bajo costo\u00a0<\/em><\/div>\n<div dir=\"auto\"><\/div>\n<div dir=\"auto\">Como una estrategia para apoyar la econom\u00eda familiar, la presidenta municipal de Colima, Margarita Moreno impulsa el programa \u201cLa Tiendita Contigo\u201d, a trav\u00e9s de la cual en esta ocasi\u00f3n ofreci\u00f3 productos con precios por debajo del comercial a vecinos y vecinas de la colonia Las Amarillas.<\/div>\n<div dir=\"auto\"><\/div>\n<div dir=\"auto\">Ah\u00ed se dieron cita las familias para adquirir verduras, huevos, leche, arroz, az\u00facar, entre otros productos de la canasta b\u00e1sica y de primera necesidad, cuyos precios son inferiores a los normales del mercado, convirti\u00e9ndose as\u00ed en una ayuda a la econom\u00eda familiar en estos momentos de inflaci\u00f3n.<\/div>\n<div dir=\"auto\"><\/div>\n<div dir=\"auto\">Al constatar el \u00e9xito de este programa y la cantidad de vecinos que acudieron a abastecerse, Margarita Moreno record\u00f3 que desde un inicio de su administraci\u00f3n se fijaron la meta de cada acci\u00f3n del Ayuntamiento de Colima debe generar un beneficio directo a las familias.<\/div>\n<div dir=\"auto\"><\/div>\n<div dir=\"auto\">En ese sentido, record\u00f3 que no s\u00f3lo se trabaja para construir un Colima m\u00e1s ordenado, pr\u00f3spero y limpio, sino sobre todo m\u00e1s humano, por lo cual se impulsan acciones para beneficiar a las familias m\u00e1s vulnerables, sin dejar de lado el mejoramiento de los servicios y el rescate de los espacios p\u00fablicos.<\/div>\n<div dir=\"auto\"><\/div>\n<div dir=\"auto\">Finalmente, refrend\u00f3 que se seguir\u00e1n impulsando acciones para el beneficio de las familias, como las acciones de mejoramiento de viviendas para fortalecer el patrimonio familiar, el rescate de espacios p\u00fablicos para la apropiaci\u00f3n de las familias y tambi\u00e9n la Tiendita Contigo, cuya aplicaci\u00f3n ayuda a la econom\u00eda familiar.<\/div>\n","protected":false},"excerpt":{"rendered":"<p>*Llev\u00f3 este programa a la colonia Las Amarillas, donde ofreci\u00f3 productos a bajo costo\u00a0 Como una estrategia para apoyar la econom\u00eda familiar, la presidenta municipal de Colima, Margarita Moreno impulsa el programa \u201cLa Tiendita Contigo\u201d, a trav\u00e9s de la cual en esta ocasi\u00f3n ofreci\u00f3 productos con precios por debajo del comercial a vecinos y vecinas&#8230;<\/p>\n","protected":false},"author":2,"featured_media":27662,"comment_status":"open","ping_status":"open","sticky":false,"template":"","format":"standard","meta":{"footnotes":""},"categories":[36,8],"tags":[29,30,28],"class_list":["post-27661","post","type-post","status-publish","format-standard","has-post-thumbnail","hentry","category-colima","category-municipios","tag-grid","tag-news","tag-slider"],"_links":{"self":[{"href":"http:\/\/elobservatorio.com.mx\/index.php?rest_route=\/wp\/v2\/posts\/27661"}],"collection":[{"href":"http:\/\/elobservatorio.com.mx\/index.php?rest_route=\/wp\/v2\/posts"}],"about":[{"href":"http:\/\/elobservatorio.com.mx\/index.php?rest_route=\/wp\/v2\/types\/post"}],"author":[{"embeddable":true,"href":"http:\/\/elobservatorio.com.mx\/index.php?rest_route=\/wp\/v2\/users\/2"}],"replies":[{"embeddable":true,"href":"http:\/\/elobservatorio.com.mx\/index.php?rest_route=%2Fwp%2Fv2%2Fcomments&post=27661"}],"version-history":[{"count":0,"href":"http:\/\/elobservatorio.com.mx\/index.php?rest_route=\/wp\/v2\/posts\/27661\/revisions"}],"wp:featuredmedia":[{"embeddable":true,"href":"http:\/\/elobservatorio.com.mx\/index.php?rest_route=\/wp\/v2\/media\/27662"}],"wp:attachment":[{"href":"http:\/\/elobservatorio.com.mx\/index.php?rest_route=%2Fwp%2Fv2%2Fmedia&parent=27661"}],"wp:term":[{"taxonomy":"category","embeddable":true,"href":"http:\/\/elobservatorio.com.mx\/index.php?rest_route=%2Fwp%2Fv2%2Fcategories&post=27661"},{"taxonomy":"post_tag","embeddable":true,"href":"http:\/\/elobservatorio.com.mx\/index.php?rest_route=%2Fwp%2Fv2%2Ftags&post=27661"}],"curies":[{"name":"wp","href":"https:\/\/api.w.org\/{rel}","templated":true}]}}