{"id":27677,"date":"2023-07-13T14:53:40","date_gmt":"2023-07-13T20:53:40","guid":{"rendered":"http:\/\/elobservatorio.com.mx\/?p=27677"},"modified":"2023-07-13T14:53:40","modified_gmt":"2023-07-13T20:53:40","slug":"anuncia-tey-cursos-de-verano-en-colonias-de-villa-de-alvarez","status":"publish","type":"post","link":"http:\/\/elobservatorio.com.mx\/?p=27677","title":{"rendered":"Anuncia Tey Cursos de Verano en colonias de Villa de \u00c1lvarez"},"content":{"rendered":"<p><em>*Se impartir\u00e1n del 8 al 12 de agosto y esperan llegar a 100 colonias<\/em><br \/>\n<em>*Convocan a liderazgos vecinales a participar como Agentes Culturales<\/em><\/p>\n<p>Villa de \u00c1lvarez, Col.- Como parte de la Estrategia Entornos Seguros, este jueves se lanz\u00f3 la Convocatoria \u201cCurso de Verano en Tu Colonia 2023\u201d, que se desarrollar\u00e1 del 7 al 25 de agosto y en el que se espera llegar a 100 barrios y colonias de Villa de \u00c1lvarez.<\/p>\n<p>En conferencia de prensa, la Presidenta Municipal Tey Guti\u00e9rrez Andrade indic\u00f3 que por segunda ocasi\u00f3n los cursos de verano saldr\u00e1n de Casa de la Cultura y de la Unidad Deportiva Profr. Gil Cabrera, con la intenci\u00f3n de involucrar a la mayor cantidad de ni\u00f1as y ni\u00f1os, especialmente a los de las colonias m\u00e1s vulnerables y cuyos padres en ocasiones no tienen la posibilidad de ir a esos lugares para que sus hijos participen en actividades veraniegas.<\/p>\n<p>Acompa\u00f1ada por ni\u00f1os de la Escuela Primaria Ni\u00f1os H\u00e9roes, explic\u00f3 que los cursos de verano ser\u00e1n impartidos por las y los vecinos e integrantes de Comit\u00e9s de Barrio, que recibir\u00e1n una capacitaci\u00f3n y materiales para convertirse en Agentes Culturales, pudiendo inscribirse en el siguiente enlace: https:\/\/forms.gle\/1ERYJMneTJF4w6rk9, al Whatsapp 312 134 44 90 o al correo electr\u00f3nico dculturayeducacion@gmail.com.<\/p>\n<p>Para que una colonia sea considera para participar en el Curso de Verano en Tu Colonia 2023, adem\u00e1s de contar con personas voluntarias para ser capacitadas e impartir los cursos, es necesario que ese asentamiento cuente con un espacio amplio para la realizaci\u00f3n de actividades, como el jard\u00edn del lugar.<\/p>\n<p>A partir de este 13 de julio y hasta el 1 de agosto, las colonias interesadas podr\u00e1n inscribirse para participar en la Convocatoria, que a decir de la Presidenta Municipal, se espera duplicar el alcance logrado el a\u00f1o pasado, esperando llegar a 100 colonias.<\/p>\n<p>La Alcaldesa explic\u00f3 que los Cursos de Verano en tu Colonia 2023, a realizarse en espacios p\u00fablicos como parques y jardines, tienen como objetivo que los ni\u00f1os y las ni\u00f1as de Villa de \u00c1lvarez aprendan y jueguen a trav\u00e9s de actividades que les permitan fortalecer su aprendizaje y mejorar la convivencia vecinal para fortalecer el tejido social.<\/p>\n<p>En la edici\u00f3n del a\u00f1o pasado de Curso de Verano en Tu Colonia participaron 48 barrios y colonias, a los que asistieron m\u00e1s de mil 500 ni\u00f1os y ni\u00f1as, que formaron parte de actividades l\u00fadicas, recreativas, de regularizaci\u00f3n de contenidos, exhibiciones de bomberos, de Protecci\u00f3n Civil, Seguridad P\u00fablica y su \u00e1rea de Prevenci\u00f3n del Delito.<\/p>\n","protected":false},"excerpt":{"rendered":"<p>*Se impartir\u00e1n del 8 al 12 de agosto y esperan llegar a 100 colonias *Convocan a liderazgos vecinales a participar como Agentes Culturales Villa de \u00c1lvarez, Col.- Como parte de la Estrategia Entornos Seguros, este jueves se lanz\u00f3 la Convocatoria \u201cCurso de Verano en Tu Colonia 2023\u201d, que se desarrollar\u00e1 del 7 al 25 de&#8230;<\/p>\n","protected":false},"author":2,"featured_media":27678,"comment_status":"open","ping_status":"open","sticky":false,"template":"","format":"standard","meta":{"footnotes":""},"categories":[8,42],"tags":[29,30,28],"class_list":["post-27677","post","type-post","status-publish","format-standard","has-post-thumbnail","hentry","category-municipios","category-villa-de-alvarez","tag-grid","tag-news","tag-slider"],"_links":{"self":[{"href":"http:\/\/elobservatorio.com.mx\/index.php?rest_route=\/wp\/v2\/posts\/27677"}],"collection":[{"href":"http:\/\/elobservatorio.com.mx\/index.php?rest_route=\/wp\/v2\/posts"}],"about":[{"href":"http:\/\/elobservatorio.com.mx\/index.php?rest_route=\/wp\/v2\/types\/post"}],"author":[{"embeddable":true,"href":"http:\/\/elobservatorio.com.mx\/index.php?rest_route=\/wp\/v2\/users\/2"}],"replies":[{"embeddable":true,"href":"http:\/\/elobservatorio.com.mx\/index.php?rest_route=%2Fwp%2Fv2%2Fcomments&post=27677"}],"version-history":[{"count":0,"href":"http:\/\/elobservatorio.com.mx\/index.php?rest_route=\/wp\/v2\/posts\/27677\/revisions"}],"wp:featuredmedia":[{"embeddable":true,"href":"http:\/\/elobservatorio.com.mx\/index.php?rest_route=\/wp\/v2\/media\/27678"}],"wp:attachment":[{"href":"http:\/\/elobservatorio.com.mx\/index.php?rest_route=%2Fwp%2Fv2%2Fmedia&parent=27677"}],"wp:term":[{"taxonomy":"category","embeddable":true,"href":"http:\/\/elobservatorio.com.mx\/index.php?rest_route=%2Fwp%2Fv2%2Fcategories&post=27677"},{"taxonomy":"post_tag","embeddable":true,"href":"http:\/\/elobservatorio.com.mx\/index.php?rest_route=%2Fwp%2Fv2%2Ftags&post=27677"}],"curies":[{"name":"wp","href":"https:\/\/api.w.org\/{rel}","templated":true}]}}