{"id":27680,"date":"2023-07-13T15:09:00","date_gmt":"2023-07-13T21:09:00","guid":{"rendered":"http:\/\/elobservatorio.com.mx\/?p=27680"},"modified":"2023-07-13T15:09:00","modified_gmt":"2023-07-13T21:09:00","slug":"luchen-por-sus-suenos-y-no-se-detengan-margarita-moreno-a-graduados-del-cbtis-19-al-ser-su-madrina-de-generacion","status":"publish","type":"post","link":"http:\/\/elobservatorio.com.mx\/?p=27680","title":{"rendered":"\u201cLuchen por sus sue\u00f1os y no se detengan\u201d: Margarita Moreno a graduados del CBTIS 19 al ser su madrina de generaci\u00f3n."},"content":{"rendered":"<p><em>*La presidenta municipal de Colima dirigi\u00f3 el mensaje principal para las alumnas y alumnos de la generaci\u00f3n 2020 \u2013 2023 cuya generaci\u00f3n llev\u00f3 el nombre de la presidenta municipal.<\/em><br aria-hidden=\"true\" \/><br aria-hidden=\"true\" \/>La presidenta municipal de Colima, Margarita Moreno, encabez\u00f3 como madrina de generaci\u00f3n uno de los momentos m\u00e1s importantes en la vida de 325 alumnas y alumnos, de siete \u00e1reas t\u00e9cnicas del Centro Bachillerato Tecnol\u00f3gico Industrial y Servicios (CBTIS) 19, quienes concluyeron su educaci\u00f3n medio superior, invit\u00e1ndoles a fijar sus metas y trabajar por sus sue\u00f1os.<br aria-hidden=\"true\" \/><br aria-hidden=\"true\" \/>\u201cFijen sus metas, tracen objetivos y luchen por ellos. Quiz\u00e1s de aqu\u00ed salgan los futuros servidores p\u00fablicos, empresarias, empresarios, maestras, maestros, pero sobre todo buenas y buenos ciudadanos. Les invito a hacer la diferencia, una diferencia que se hace con peque\u00f1as acciones, como la de terminar una etapa de su formaci\u00f3n profesional\u201d, expres\u00f3.<br aria-hidden=\"true\" \/><br aria-hidden=\"true\" \/>Margarita Moreno se dijo honrada de poder ser madrina de toda una generaci\u00f3n que inici\u00f3 su educaci\u00f3n en medio de una pandemia y que ha aprendido a sobresalir a las adversidades para seguir con su educaci\u00f3n de la mano de sus padres y maestros.<br aria-hidden=\"true\" \/><br aria-hidden=\"true\" \/>\u201cMi reconocimiento a las y los alumnos, a los padres y madres de familia que son parte muy importante para lograr este proceso de educaci\u00f3n. Tuvieron retos fuertes como la pandemia, tuvieron que ense\u00f1arse a estudiar de diferente manera y se adaptaron, hoy son una generaci\u00f3n que aprendi\u00f3 a no tirar la toalla y que se ha adaptado a un nuevo mundo\u201d, se\u00f1al\u00f3.<br aria-hidden=\"true\" \/><br aria-hidden=\"true\" \/>En la ceremonia de graduaci\u00f3n y clausura del ciclo escolar 2022 \u2013 2023 de este centro formativo para el trabajo, Jos\u00e9 Luis Zepeda Lepe, Comisionado Responsable de la DGETI en el Estado de Colima, invit\u00f3 a las y los estudiantes a seguir el ejemplo de la presidenta, Margarita Moreno, quien es una mujer \u00edntegra y trabajadora que ha dado resultados evidentes al frente del gobierno municipal, con acciones en favor de las familias de Colima.<br aria-hidden=\"true\" \/>\u201cDe ustedes va depender seguir la imagen de la presidenta Margarita Moreno que es su madrina de generaci\u00f3n. Tendr\u00e1n, ahora, la oportunidad de decidir su camino con constancia. No importante d\u00f3nde est\u00e9n, si\u00e9ntanse triunfadores\u201d, coment\u00f3.<br aria-hidden=\"true\" \/><br aria-hidden=\"true\" \/>Asimismo, la directora del plantel, la maestra Ma. Isabel Zamora P\u00e9rez felicit\u00f3 a las a y los egresados, se\u00f1alando que existen j\u00f3venes entusiastas que podr\u00e1n llevar sus conocimientos a la vida productiva en la entidad o seguir con su educaci\u00f3n superior, refrendando el compromiso del CBTIS, a trav\u00e9s de su grupo acad\u00e9mico y directivo, de trabajar por una educaci\u00f3n de calidad, que ha consolidado la historia de casi 50 a\u00f1os de este centro educativo.<br aria-hidden=\"true\" \/><br aria-hidden=\"true\" \/>Los graduados terminaron sus estudios en las \u00e1reas de medios de comunicaci\u00f3n, electricidad, contabilidad, laboratorios qu\u00edmicos, comercio, programaci\u00f3n y de preparaci\u00f3n de alimentos y bebidas, as\u00ed mismo fueron entregados reconocimientos a los mejores promedios de la generaci\u00f3n 2020 \u2013 2023.<br aria-hidden=\"true\" \/><br aria-hidden=\"true\" \/>En este evento estuvieron presentes el subsecretario de la juventud del gobierno del Estado, Jos\u00e9 Gerardo Romero Quezada, el subsecretario de Educaci\u00f3n, Adolfo N\u00fa\u00f1ez Gonz\u00e1lez e invitados especiales de los diferentes CETIS y CBTIS en la entidad.<\/p>\n","protected":false},"excerpt":{"rendered":"<p>*La presidenta municipal de Colima dirigi\u00f3 el mensaje principal para las alumnas y alumnos de la generaci\u00f3n 2020 \u2013 2023 cuya generaci\u00f3n llev\u00f3 el nombre de la presidenta municipal.La presidenta municipal de Colima, Margarita Moreno, encabez\u00f3 como madrina de generaci\u00f3n uno de los momentos m\u00e1s importantes en la vida de 325 alumnas y alumnos, de&#8230;<\/p>\n","protected":false},"author":2,"featured_media":27681,"comment_status":"open","ping_status":"open","sticky":false,"template":"","format":"standard","meta":{"footnotes":""},"categories":[36,8],"tags":[29,30,28],"class_list":["post-27680","post","type-post","status-publish","format-standard","has-post-thumbnail","hentry","category-colima","category-municipios","tag-grid","tag-news","tag-slider"],"_links":{"self":[{"href":"http:\/\/elobservatorio.com.mx\/index.php?rest_route=\/wp\/v2\/posts\/27680"}],"collection":[{"href":"http:\/\/elobservatorio.com.mx\/index.php?rest_route=\/wp\/v2\/posts"}],"about":[{"href":"http:\/\/elobservatorio.com.mx\/index.php?rest_route=\/wp\/v2\/types\/post"}],"author":[{"embeddable":true,"href":"http:\/\/elobservatorio.com.mx\/index.php?rest_route=\/wp\/v2\/users\/2"}],"replies":[{"embeddable":true,"href":"http:\/\/elobservatorio.com.mx\/index.php?rest_route=%2Fwp%2Fv2%2Fcomments&post=27680"}],"version-history":[{"count":0,"href":"http:\/\/elobservatorio.com.mx\/index.php?rest_route=\/wp\/v2\/posts\/27680\/revisions"}],"wp:featuredmedia":[{"embeddable":true,"href":"http:\/\/elobservatorio.com.mx\/index.php?rest_route=\/wp\/v2\/media\/27681"}],"wp:attachment":[{"href":"http:\/\/elobservatorio.com.mx\/index.php?rest_route=%2Fwp%2Fv2%2Fmedia&parent=27680"}],"wp:term":[{"taxonomy":"category","embeddable":true,"href":"http:\/\/elobservatorio.com.mx\/index.php?rest_route=%2Fwp%2Fv2%2Fcategories&post=27680"},{"taxonomy":"post_tag","embeddable":true,"href":"http:\/\/elobservatorio.com.mx\/index.php?rest_route=%2Fwp%2Fv2%2Ftags&post=27680"}],"curies":[{"name":"wp","href":"https:\/\/api.w.org\/{rel}","templated":true}]}}