{"id":27684,"date":"2023-07-18T10:17:21","date_gmt":"2023-07-18T16:17:21","guid":{"rendered":"http:\/\/elobservatorio.com.mx\/?p=27684"},"modified":"2023-07-18T10:17:21","modified_gmt":"2023-07-18T16:17:21","slug":"anuncia-margarita-moreno-el-festival-quinientos-anos-de-la-fundacion-de-la-villa-de-colima","status":"publish","type":"post","link":"http:\/\/elobservatorio.com.mx\/?p=27684","title":{"rendered":"Anuncia Margarita Moreno el Festival Quinientos a\u00f1os de la Fundaci\u00f3n de la Villa de Colima"},"content":{"rendered":"<p><em>*Del 20 al 25 de julio se realizar\u00e1n eventos conmemorativos en el jard\u00edn Libertad de la capital.<\/em><br aria-hidden=\"true\" \/><br aria-hidden=\"true\" \/>Con actividades art\u00edsticas, deportivas, exposiciones comerciales y gastron\u00f3micas, el \u00a0Ayuntamiento de Colima, encabezado por la presidenta municipal, Margarita Moreno, dedicar\u00e1 cinco d\u00edas de actividades con el Festival Quinientos A\u00f1os de la Fundaci\u00f3n de la Villa de Colima, con el que se conmemorar\u00e1 esta hist\u00f3rica fecha en el jard\u00edn Libertad de la capital colimense.<br aria-hidden=\"true\" \/><br aria-hidden=\"true\" \/>La presidenta expres\u00f3 la importancia que cobra el celebrar esta fecha por lo que, en equipo con comerciantes, promotores deportivos y talento art\u00edstico local, se ha preparado un festival familiar donde se podr\u00e1 disfrutar la grandeza de Colima y su gente, evocando su historia.<br aria-hidden=\"true\" \/><br aria-hidden=\"true\" \/>\u201cEstamos convencidos que haciendo eventos como este estamos recordando y celebrando nuestra historia, lo haremos con diferentes acciones para que las familias puedan disfrutar y se puedan volver a encontrar en el centro de la ciudad\u201d<br aria-hidden=\"true\" \/><br aria-hidden=\"true\" \/>Margarita Moreno se\u00f1al\u00f3 que las actividades han sido preparadas con el prop\u00f3sito de promover al talento colimense, con expresiones como la pintura, la danza, la m\u00fasica, as\u00ed como la gastronom\u00eda y el acompa\u00f1amiento de artesanos y comerciantes locales.<br aria-hidden=\"true\" \/><br aria-hidden=\"true\" \/>Destac\u00f3 que esta festividad considera actividades deportivas como la exhibici\u00f3n de carros Mustang, Clubes de Motocicletas y el Bicipaseo conmemorativo, que se efect\u00faa en coordinaci\u00f3n con la sociedad civil.<br aria-hidden=\"true\" \/><br aria-hidden=\"true\" \/>La directora general de Cultura, Educaci\u00f3n y Recreaci\u00f3n del Ayuntamiento de Colima, Araceli Vargas Avi\u00f1a destac\u00f3 \u00a0que el programa art\u00edstico, cultural y deportivo ha contemplado grupos art\u00edsticos del municipio y que han consolidado su carrera con espect\u00e1culos de primer nivel.<br aria-hidden=\"true\" \/><br aria-hidden=\"true\" \/>En tanto, la directora de la Casa del Archivo Hist\u00f3rico del Municipio de Colima, Patricia S\u00e1nchez Espinosa, dio a conocer \u00a0el programa de actividades, entre las que destacan presentaciones musicales, presentaci\u00f3n del mezcal Quinientos y la sesi\u00f3n solemne conmemorativa por los Quinientos a\u00f1os de la Fundaci\u00f3n de la Villa de Colima.<br aria-hidden=\"true\" \/><br aria-hidden=\"true\" \/>Para el jueves 20 de Julio, \u00a0a las 5:00 de la tarde se realizar\u00e1 la Pinta con tinto con Hazel, en el Patio de Presidencia Municipal; a las 06:30 de la tarde en el jard\u00edn Libertad se tendr\u00e1 la presentaci\u00f3n del ballet \u00a0Cuauhtli, seguido de la muestra del Ballet Folcl\u00f3rico Infantil y a las 08:00 de la noche la presidenta Margarita Moreno dirigir\u00e1 la inauguraci\u00f3n del festival para dar paso a la presentaci\u00f3n del Mariachi \u201cCuerda y Son\u201d del Ayuntamiento de Colima.<br aria-hidden=\"true\" \/>\u00a0<br aria-hidden=\"true\" \/>El viernes 21 de Julio, \u00a0desde las 08:00 de la ma\u00f1ana se tendr\u00e1 la Copa de Voleibol Quinientos. A las 06:00 de la tarde se realizar\u00e1 la presentaci\u00f3n de Mezcal Quinientos, posteriormente la presentaci\u00f3n del grupo Macehual, seguido del colectivo Pata de Gato y a las 08:30 de la noche, el jard\u00edn Libertad tendr\u00e1 la exposici\u00f3n de coches deportivos por el cuarto Aniversario Pasi\u00f3n Mustang; la cartelera art\u00edstica cerrar\u00e1 a las 09:00 de la noche con Tal\u00ed Acustic Show y a las<br aria-hidden=\"true\" \/>10:30 de la noche se tendr\u00e1 un DJ invitado.<br aria-hidden=\"true\" \/>\u00a0<br aria-hidden=\"true\" \/>El s\u00e1bado 22 de Julio, a las 06:30 de la tarde se iniciar\u00e1n las actividades con la presentaci\u00f3n de Danzas Polinesias \u201cMylzoraya\u201d del H. Ayuntamiento de Colima, seguido de la presentaci\u00f3n del grupo Piel Canela y a las 07:30 de la tarde la exposici\u00f3n coordinaci\u00f3n Inter Clubs de motos, en tanto a las 08:00 de la noche se tendr\u00e1 la presentaci\u00f3n de la banda Delorean \u00a0y Tumbaito Show, cerrando la jornada con DJ Invitado.<br aria-hidden=\"true\" \/><br aria-hidden=\"true\" \/>Para el domingo, 23 de Julio, a las 08:30 de la ma\u00f1ana se tendr\u00e1 el Bicipaseo 500 A\u00f1os en coordinaci\u00f3n con el Comit\u00e9 Ciudadano para la conmemoraci\u00f3n de los 500 a\u00f1os, el Contingente de Colima se incorpora en la Avenida Felipe Sevilla del R\u00edo, en el cruce con la Avenida Constituci\u00f3n.<br aria-hidden=\"true\" \/><br aria-hidden=\"true\" \/>En la jornada vespertina, a las 06:00 de la tarde se tendr\u00e1n las presentaciones del Ballet Santa Cecilia, seguido de Pop Spring; mientras que a las 07:45 de la tarde tendr\u00e1 exposici\u00f3n de Volks Club colima y a las 08:00 de la noche se tendr\u00e1 la clausura de las actividades art\u00edsticas y la entrega de reconocimientos, cerrando las actividades art\u00edsticas el mariachi Los Reyes de Ixtlahuac\u00e1n, del director Sa\u00fal Mariano Diego y el Ballet Fundadores del Ballet Folkl\u00f3rico de la Universidad de Colima.<br aria-hidden=\"true\" \/>\u00a0<br aria-hidden=\"true\" \/>Para el lunes el centro de Colima tendr\u00e1 las exposiciones comerciales y gastron\u00f3micas mientras que el \u00a0martes 25 de Julio, a las 06:00 de la tarde, \u00a0se realizar\u00e1 la Sesi\u00f3n Solemne de Cabildo del H. Ayuntamiento de Colima y la colocaci\u00f3n de placa conmemorativa de piedra volc\u00e1nica grabada; a las 08:00 de la noche se har\u00e1 la colocaci\u00f3n de mensajes en el apartado para los quinientos a\u00f1os en la C\u00e1psula del tiempo del Archivo Hist\u00f3rico Municipal.<br aria-hidden=\"true\" \/><br aria-hidden=\"true\" \/>En la rueda de prensa participaron la Secretaria del Ayuntamiento, Himelda Meraz S\u00e1nchez; el regidor Federico Rangel Lozano; el director de Proyectos Estrat\u00e9gicos del Ayuntamiento de Colima, Fernando Cruz Garc\u00eda; el director de Desarrollo Econ\u00f3mico, Social y Humano, Carlos C\u00e1rdenas Roque, as\u00ed como el director de Fomento Deportivo, Antonio Ruiz y el director de Comunicaci\u00f3n Social, Rogelio Pinto Jacobo.<\/p>\n","protected":false},"excerpt":{"rendered":"<p>*Del 20 al 25 de julio se realizar\u00e1n eventos conmemorativos en el jard\u00edn Libertad de la capital.Con actividades art\u00edsticas, deportivas, exposiciones comerciales y gastron\u00f3micas, el \u00a0Ayuntamiento de Colima, encabezado por la presidenta municipal, Margarita Moreno, dedicar\u00e1 cinco d\u00edas de actividades con el Festival Quinientos A\u00f1os de la Fundaci\u00f3n de la Villa de Colima, con el&#8230;<\/p>\n","protected":false},"author":2,"featured_media":27685,"comment_status":"open","ping_status":"open","sticky":false,"template":"","format":"standard","meta":{"footnotes":""},"categories":[36,8],"tags":[29,30,28],"class_list":["post-27684","post","type-post","status-publish","format-standard","has-post-thumbnail","hentry","category-colima","category-municipios","tag-grid","tag-news","tag-slider"],"_links":{"self":[{"href":"http:\/\/elobservatorio.com.mx\/index.php?rest_route=\/wp\/v2\/posts\/27684"}],"collection":[{"href":"http:\/\/elobservatorio.com.mx\/index.php?rest_route=\/wp\/v2\/posts"}],"about":[{"href":"http:\/\/elobservatorio.com.mx\/index.php?rest_route=\/wp\/v2\/types\/post"}],"author":[{"embeddable":true,"href":"http:\/\/elobservatorio.com.mx\/index.php?rest_route=\/wp\/v2\/users\/2"}],"replies":[{"embeddable":true,"href":"http:\/\/elobservatorio.com.mx\/index.php?rest_route=%2Fwp%2Fv2%2Fcomments&post=27684"}],"version-history":[{"count":0,"href":"http:\/\/elobservatorio.com.mx\/index.php?rest_route=\/wp\/v2\/posts\/27684\/revisions"}],"wp:featuredmedia":[{"embeddable":true,"href":"http:\/\/elobservatorio.com.mx\/index.php?rest_route=\/wp\/v2\/media\/27685"}],"wp:attachment":[{"href":"http:\/\/elobservatorio.com.mx\/index.php?rest_route=%2Fwp%2Fv2%2Fmedia&parent=27684"}],"wp:term":[{"taxonomy":"category","embeddable":true,"href":"http:\/\/elobservatorio.com.mx\/index.php?rest_route=%2Fwp%2Fv2%2Fcategories&post=27684"},{"taxonomy":"post_tag","embeddable":true,"href":"http:\/\/elobservatorio.com.mx\/index.php?rest_route=%2Fwp%2Fv2%2Ftags&post=27684"}],"curies":[{"name":"wp","href":"https:\/\/api.w.org\/{rel}","templated":true}]}}