{"id":27732,"date":"2023-07-24T11:27:03","date_gmt":"2023-07-24T17:27:03","guid":{"rendered":"http:\/\/elobservatorio.com.mx\/?p=27732"},"modified":"2023-07-24T11:27:03","modified_gmt":"2023-07-24T17:27:03","slug":"disfrutan-familias-colimenses-la-conmemoracion-del-500-aniversario-de-la-villa-de-colima-margarita-moreno","status":"publish","type":"post","link":"http:\/\/elobservatorio.com.mx\/?p=27732","title":{"rendered":"\u201cDisfrutan familias colimenses la conmemoraci\u00f3n del 500 aniversario de la Villa de Colima\u201d: Margarita Moreno"},"content":{"rendered":"<p class=\"x_MsoNormal\">\n<p><em>* Los eventos terminaron con la presentaci\u00f3n del Grupo Fundadores del Ballet Folcl\u00f3rico de la Universidad de Colima.<\/em><\/p>\n<p class=\"x_MsoNormal\">Familias colimenses disfrutaron las actividades culturales, art\u00edsticas y deportivas, que se realizaron este domingo, en el marco de la conmemoraci\u00f3n del 500 aniversario de la Fundaci\u00f3n de la Villa de Colima, as\u00ed lo afirm\u00f3 la presidenta municipal, Margarita Moreno, durante el cierre de las presentaciones que se realizaron este fin de semana en el jard\u00edn Libertad..<\/p>\n<p class=\"x_MsoNormal\">\u201cGracias a las y los colimenses que se dieron cita en el\u00a0\u00a0centro de la capital, gracias a los diferentes grupos art\u00edsticos, a las y los deportistas que fueron parte de las actividades que nos dan una muestra m\u00e1s de que unidos, trabajando en equipo, podemos seguir trabajando por el municipio que tanto amamos\u201d, coment\u00f3.<\/p>\n<p class=\"x_MsoNormal\">Las actividades culturales concluyeron este domingo con la presentaci\u00f3n del Grupo Fundadores del Ballet Folcl\u00f3rico de la Universidad de Colima, quienes dieron una gala art\u00edstica para el cierre de esta conmemoraci\u00f3n en la que\u00a0\u00a0se pudo disfrutar de exhibiciones en la capital colimense, organizadas por el Ayuntamiento de Colima.<\/p>\n<p class=\"x_MsoNormal\">Anteriormente, la presidenta Margarita Moreno, dio el arranque de la exhibici\u00f3n de autos Volks, que se efectu\u00f3 en el jard\u00edn Libertad y fue testigo de las presentaciones del Ballet Santa Cecilia, Pops Strings, del Mariachi Los Reyes de Ixtlahuac\u00e1n a quienes, en el evento de clausura hizo entrega de reconocimientos.<\/p>\n<p class=\"x_MsoNormal\">Margarita Moreno\u00a0\u00a0record\u00f3 que el pr\u00f3ximo martes, a partir de las 06:00 de la tarde, en este mismo foro, se realizar\u00e1 la Sesi\u00f3n Solemne de Cabildo, en la que el Ayuntamiento de Colima realizar\u00e1 la conmemoraci\u00f3n oficial, misma que, adem\u00e1s, dejar\u00e1 testimonio con una piedra grabada y la posibilidad de que las y los ciudadanos, puedan depositar art\u00edculos en la c\u00e1psula del tiempo en la Casa del Archivo Hist\u00f3rico de Colima.<\/p>\n","protected":false},"excerpt":{"rendered":"<p>* Los eventos terminaron con la presentaci\u00f3n del Grupo Fundadores del Ballet Folcl\u00f3rico de la Universidad de Colima. Familias colimenses disfrutaron las actividades culturales, art\u00edsticas y deportivas, que se realizaron este domingo, en el marco de la conmemoraci\u00f3n del 500 aniversario de la Fundaci\u00f3n de la Villa de Colima, as\u00ed lo afirm\u00f3 la presidenta municipal,&#8230;<\/p>\n","protected":false},"author":2,"featured_media":27733,"comment_status":"open","ping_status":"open","sticky":false,"template":"","format":"standard","meta":{"footnotes":""},"categories":[36,8],"tags":[29,30,28],"class_list":["post-27732","post","type-post","status-publish","format-standard","has-post-thumbnail","hentry","category-colima","category-municipios","tag-grid","tag-news","tag-slider"],"_links":{"self":[{"href":"http:\/\/elobservatorio.com.mx\/index.php?rest_route=\/wp\/v2\/posts\/27732"}],"collection":[{"href":"http:\/\/elobservatorio.com.mx\/index.php?rest_route=\/wp\/v2\/posts"}],"about":[{"href":"http:\/\/elobservatorio.com.mx\/index.php?rest_route=\/wp\/v2\/types\/post"}],"author":[{"embeddable":true,"href":"http:\/\/elobservatorio.com.mx\/index.php?rest_route=\/wp\/v2\/users\/2"}],"replies":[{"embeddable":true,"href":"http:\/\/elobservatorio.com.mx\/index.php?rest_route=%2Fwp%2Fv2%2Fcomments&post=27732"}],"version-history":[{"count":0,"href":"http:\/\/elobservatorio.com.mx\/index.php?rest_route=\/wp\/v2\/posts\/27732\/revisions"}],"wp:featuredmedia":[{"embeddable":true,"href":"http:\/\/elobservatorio.com.mx\/index.php?rest_route=\/wp\/v2\/media\/27733"}],"wp:attachment":[{"href":"http:\/\/elobservatorio.com.mx\/index.php?rest_route=%2Fwp%2Fv2%2Fmedia&parent=27732"}],"wp:term":[{"taxonomy":"category","embeddable":true,"href":"http:\/\/elobservatorio.com.mx\/index.php?rest_route=%2Fwp%2Fv2%2Fcategories&post=27732"},{"taxonomy":"post_tag","embeddable":true,"href":"http:\/\/elobservatorio.com.mx\/index.php?rest_route=%2Fwp%2Fv2%2Ftags&post=27732"}],"curies":[{"name":"wp","href":"https:\/\/api.w.org\/{rel}","templated":true}]}}