{"id":27762,"date":"2023-07-26T17:02:09","date_gmt":"2023-07-26T23:02:09","guid":{"rendered":"http:\/\/elobservatorio.com.mx\/?p=27762"},"modified":"2023-07-26T17:02:09","modified_gmt":"2023-07-26T23:02:09","slug":"margarita-moreno-devela-placa-de-piedra-volcanica-para-conmemorar-el-quinientos-aniversario-de-la-villa-de-colima","status":"publish","type":"post","link":"http:\/\/elobservatorio.com.mx\/?p=27762","title":{"rendered":"Margarita Moreno devela placa de piedra volc\u00e1nica para conmemorar el quinientos aniversario de la Villa de Colima"},"content":{"rendered":"<div class=\"x_gmail_attr\" dir=\"ltr\">\n<div class=\"x_gmail_attr\" dir=\"ltr\"><em>*La presidenta municipal de la capital colimense encabez\u00f3 la conmemoraci\u00f3n del 500 aniversario de la Fundaci\u00f3n de la Villa de Colima con presentaci\u00f3n de la Banda Sinf\u00f3nica de la V Zona Militar.<\/em><\/div>\n<div class=\"x_gmail_attr\" dir=\"ltr\"><\/div>\n<div class=\"x_gmail_attr\" dir=\"ltr\">Con m\u00fasica de la Banda Sinf\u00f3nica de la V Zona Militar, el Ayuntamiento de Colima, encabezado por la presidenta municipal, Margarita Moreno, conmemor\u00f3 el Quinientos aniversario de la Fundaci\u00f3n de la Villa de Colima, evocando aquella petici\u00f3n que, cinco siglos en el pasado, Hern\u00e1n Cort\u00e9s hiciera a Gonzalo de Sandoval de fundar una Villa en Colima en la que fueran designado un alcalde y regidores.<\/div>\n<div class=\"x_gmail_attr\" dir=\"ltr\"><\/div>\n<div class=\"x_gmail_attr\" dir=\"ltr\">En este marco, tambi\u00e9n fue develada una placa de piedra volc\u00e1nica conmemorativa que quedar\u00e1 instalada permanentemente en el Jard\u00edn Libertad, en la que ha quedado grabada esta conmemoraci\u00f3n que, durante todo este a\u00f1o ha sido motivo de diversas actividades.<\/div>\n<div class=\"x_gmail_attr\" dir=\"ltr\"><\/div>\n<div class=\"x_gmail_attr\" dir=\"ltr\">En su mensaje, la presidenta Margarita Moreno afirm\u00f3 que este marco es oportuno para recordar la historia y sentirnos orgullosos de nuestras ra\u00edces, al afirmar que la grandeza de Colima radica en la nobleza de su gente, por quienes, afirm\u00f3, se trabaja d\u00eda con d\u00eda para consolidar un mejor futuro para las familias del municipio.<\/div>\n<div class=\"x_gmail_attr\" dir=\"ltr\"><\/div>\n<div class=\"x_gmail_attr\" dir=\"ltr\">\u201cColima es cuna de personas trabajadoras, de mirada transparente, sonrisa c\u00e1lida y sincera. Reconocer y valorar nuestros or\u00edgenes nos da bases s\u00f3lidas para el desarrollo y el progreso, para construir el Colima que tanto queremos\u201d, extern\u00f3 al p\u00fablico e invitados presentes.<\/div>\n<div class=\"x_gmail_attr\" dir=\"ltr\"><\/div>\n<div class=\"x_gmail_attr\" dir=\"ltr\">La presidenta se\u00f1al\u00f3 que todos los d\u00edas, desde el inicio de su administraci\u00f3n, se ha fijado el objetivo de trabajar en favor de las familias del municipio, al reconocer la oportunidad hist\u00f3rica que recae en ella, al ser, despu\u00e9s de cinco siglos de historia, la primera mujer en ser electa como presidenta municipal de la capital colimense.<\/div>\n<div class=\"x_gmail_attr\" dir=\"ltr\"><\/div>\n<div class=\"x_gmail_attr\" dir=\"ltr\">\u201cS\u00e9 que tengo en mis manos una oportunidad hist\u00f3rica. Soy una mujer de principios y valores. Encuentro en la familia la principal motivaci\u00f3n, y estoy orgullosa de contar con un equipo comprometido en construir un mejor Colima y las familias colimenses son la causa que nos motivan\u201d, coment\u00f3.<\/div>\n<div class=\"x_gmail_attr\" dir=\"ltr\"><\/div>\n<div class=\"x_gmail_attr\" dir=\"ltr\">Margarita Moreno destac\u00f3 que durante este a\u00f1o se han realizado m\u00faltiples actividades que recuerdan la importancia de esta fecha hist\u00f3rica como el festival S\u00e1bora Fest, en la que se present\u00f3 la cerveza \u00b4Quinientos\u2019 el Festival Internacional del Volc\u00e1n, que logr\u00f3 m\u00e1s de 311 mil visitantes en cinco d\u00edas de actividades y una derrama econ\u00f3mica superior a los 134.5 millones de pesos y, ahora, con el festival conmemorativo a esta fecha \u00a0que reuni\u00f3 a talentos, deportivas y expositores locales, junto con la presentaci\u00f3n del mezcal \u2018Quinientos\u2019.<\/div>\n<div class=\"x_gmail_attr\" dir=\"ltr\"><\/div>\n<div class=\"x_gmail_attr\" dir=\"ltr\">\u201cSomos un Ayuntamiento de puertas abiertas donde todas y todos cabemos. Porque todas y todos somos importantes, piezas fundamentales, nuestro anhelo es que sembremos amor, respeto en nuestros corazones; de esa manera con el legado de nuestra historia podremos alcanzar un Colima m\u00e1s humano\u201d.<\/div>\n<div class=\"x_gmail_attr\" dir=\"ltr\">La directora de Casa del Archivo Hist\u00f3rico, Patricia S\u00e1nchez Espinosa, dio a conocer el relato hist\u00f3rico de la Fundaci\u00f3n de la Villa de Colima, que hace posible reconocer a fondo el pasado que form\u00f3 nuestra sociedad actual, se\u00f1alando que este momento hist\u00f3rico nos da una identidad.<\/div>\n<div class=\"x_gmail_attr\" dir=\"ltr\"><\/div>\n<div class=\"x_gmail_attr\" dir=\"ltr\">\u201cConocer qui\u00e9nes somos y de d\u00f3nde venimos, no s\u00f3lo nos da un sentido de identidad y orgullo al reconocer, en nosotros, la fusi\u00f3n de culturas. No s\u00f3lo solo somos la mezcla de pueblos originarios, de espa\u00f1oles, filipinos, chinos o africanos, hoy somos colimotes\u201d, expres\u00f3 la directora de Casa del Archivo Hist\u00f3rico del municipio de Colima, responsable de los actos de conmemoraci\u00f3n.<\/div>\n<div class=\"x_gmail_attr\" dir=\"ltr\"><\/div>\n<div class=\"x_gmail_attr\" dir=\"ltr\">En este evento estuvieron presentes la secretaria del Ayuntamiento, Himelda Meraz S\u00e1nchez; el s\u00edndico Alberto Partida, las regidoras Ana Patricia Escobosa, los regidores Federico Rangel Lozano, Jonathan S\u00e1nchez y Osiris Alcaraz; Carlos Ram\u00edrez Vuelvas, coordinador de vinculaci\u00f3n de la Universidad de Colima, el cronista del municipio Jos\u00e9 \u00c1ngel Bambilla Leal, Roberto Moreno B\u00e9jar, coordinador del Comit\u00e9 Ciudadano Conmemorativo de los 500 a\u00f1os de la Fundaci\u00f3n de la Villa de Colima, as\u00ed como directivos y servidores p\u00fablicos.<\/div>\n<\/div>\n<div dir=\"auto\"><\/div>\n","protected":false},"excerpt":{"rendered":"<p>*La presidenta municipal de la capital colimense encabez\u00f3 la conmemoraci\u00f3n del 500 aniversario de la Fundaci\u00f3n de la Villa de Colima con presentaci\u00f3n de la Banda Sinf\u00f3nica de la V Zona Militar. Con m\u00fasica de la Banda Sinf\u00f3nica de la V Zona Militar, el Ayuntamiento de Colima, encabezado por la presidenta municipal, Margarita Moreno, conmemor\u00f3&#8230;<\/p>\n","protected":false},"author":2,"featured_media":27763,"comment_status":"open","ping_status":"open","sticky":false,"template":"","format":"standard","meta":{"footnotes":""},"categories":[36,8],"tags":[29,30,28],"class_list":["post-27762","post","type-post","status-publish","format-standard","has-post-thumbnail","hentry","category-colima","category-municipios","tag-grid","tag-news","tag-slider"],"_links":{"self":[{"href":"http:\/\/elobservatorio.com.mx\/index.php?rest_route=\/wp\/v2\/posts\/27762"}],"collection":[{"href":"http:\/\/elobservatorio.com.mx\/index.php?rest_route=\/wp\/v2\/posts"}],"about":[{"href":"http:\/\/elobservatorio.com.mx\/index.php?rest_route=\/wp\/v2\/types\/post"}],"author":[{"embeddable":true,"href":"http:\/\/elobservatorio.com.mx\/index.php?rest_route=\/wp\/v2\/users\/2"}],"replies":[{"embeddable":true,"href":"http:\/\/elobservatorio.com.mx\/index.php?rest_route=%2Fwp%2Fv2%2Fcomments&post=27762"}],"version-history":[{"count":0,"href":"http:\/\/elobservatorio.com.mx\/index.php?rest_route=\/wp\/v2\/posts\/27762\/revisions"}],"wp:featuredmedia":[{"embeddable":true,"href":"http:\/\/elobservatorio.com.mx\/index.php?rest_route=\/wp\/v2\/media\/27763"}],"wp:attachment":[{"href":"http:\/\/elobservatorio.com.mx\/index.php?rest_route=%2Fwp%2Fv2%2Fmedia&parent=27762"}],"wp:term":[{"taxonomy":"category","embeddable":true,"href":"http:\/\/elobservatorio.com.mx\/index.php?rest_route=%2Fwp%2Fv2%2Fcategories&post=27762"},{"taxonomy":"post_tag","embeddable":true,"href":"http:\/\/elobservatorio.com.mx\/index.php?rest_route=%2Fwp%2Fv2%2Ftags&post=27762"}],"curies":[{"name":"wp","href":"https:\/\/api.w.org\/{rel}","templated":true}]}}