{"id":27771,"date":"2023-07-27T20:21:32","date_gmt":"2023-07-28T02:21:32","guid":{"rendered":"http:\/\/elobservatorio.com.mx\/?p=27771"},"modified":"2023-07-27T20:21:32","modified_gmt":"2023-07-28T02:21:32","slug":"margarita-moreno-entrega-obras-de-accesibilidad-para-personas-con-discapacidad-en-placetas","status":"publish","type":"post","link":"http:\/\/elobservatorio.com.mx\/?p=27771","title":{"rendered":"Margarita Moreno entrega obras de accesibilidad para personas con discapacidad en Placetas"},"content":{"rendered":"<div dir=\"auto\"><em>*Hizo la entrega de rampas, pasacalles de concreto y banquetas, en esta zona de la ciudad donde se detectaron alrededor de 400 personas con dificultades para la movilidad.<\/em><\/div>\n<div dir=\"auto\"><\/div>\n<div dir=\"auto\">La presidenta municipal de Colima, Margarita Moreno, sigue avanzando en la construcci\u00f3n de un municipio m\u00e1s humano, con acciones que inciden de manera directa para mejorar la calidad de vida de las personas, como ocurri\u00f3 en la colonia Placetas, donde hizo entrega de rampas, pasacalles de concreto y banquetas, haciendo posible la accesibilidad de personas adultas mayores o con discapacidad.<\/div>\n<div dir=\"auto\"><\/div>\n<div dir=\"auto\">Este proyecto, promovido por la presidenta municipal, quien atendi\u00f3 el planteamiento de vecinos de la colonia Placetas, fue posible al considerarse como prioritario atender la necesidad de movilidad de, al menos, 390 habitantes que viven en la colonia Placetas y que presentan alg\u00fan tipo de discapacidad para caminar, subir o bajar escaleras.<\/div>\n<div dir=\"auto\"><\/div>\n<div dir=\"auto\">Con esta intervenci\u00f3n que consider\u00f3 la construcci\u00f3n de 200 metros cuadrados de banquetas de concreto, 59 metros de dentell\u00f3n de concreto, 143 metros cuadrados de rampa peatonal, as\u00ed como 176 metros cuadrados de pasacalles con los terminados de accesibilidad sobre las calles Juan de Dios Peza y la calle Independencia, que hacen posible la interacci\u00f3n de personas desde el Mercado de Placetas hasta el templo de la colonia.<\/div>\n<div dir=\"auto\"><\/div>\n<div dir=\"auto\">\u201cSeguimos trabajando por un Colima m\u00e1s humano, con acciones como esta cambiamos la vida de las personas facilitando su movilidad, que puedan salir a hacer sus compras al mercado, al parque, a realizar su vida de una mejor forma\u201d, coment\u00f3.<\/div>\n<div dir=\"auto\"><\/div>\n<div dir=\"auto\">Margarita Moreno se\u00f1al\u00f3 que esta petici\u00f3n se hizo por las y los vecinos, a quienes se les escuch\u00f3 para buscar alternativas que hicieran posible cumplir con el objetivo y hacer que la accesibilidad sea posible.<\/div>\n<div dir=\"auto\"><\/div>\n<div dir=\"auto\">Al respecto Roc\u00edo Ram\u00edrez, presidenta del Comit\u00e9 de Participaci\u00f3n ciudadana agradeci\u00f3 el apoyo de la presidenta que, con esta obra atiende una solicitud de m\u00e1s de 10 a\u00f1os por parte de las y los vecinos de esta colonia, quienes, con estos trabajos, se ven beneficiados cambiando por completo sus posibilidades de hacer sus labores.<\/div>\n<div dir=\"auto\"><\/div>\n<div dir=\"auto\">Juan Ignacio Hern\u00e1ndez Ahumada, beneficiario manifest\u00f3 que esta acci\u00f3n representa \u201cel poder salir, el poder cruzar las calles, el libre tr\u00e1nsito ir al parque. Eso es trabajar por la dignificaci\u00f3n de las personas\u201d, coment\u00f3.<\/div>\n<div dir=\"auto\"><\/div>\n<div dir=\"auto\">En este evento estuvo presente el regidor Osiris Alcaraz, as\u00ed como la directora de planeaci\u00f3n Shantal Casillas, vecinas y vecinos de la colonia Placetas.<\/div>\n","protected":false},"excerpt":{"rendered":"<p>*Hizo la entrega de rampas, pasacalles de concreto y banquetas, en esta zona de la ciudad donde se detectaron alrededor de 400 personas con dificultades para la movilidad. La presidenta municipal de Colima, Margarita Moreno, sigue avanzando en la construcci\u00f3n de un municipio m\u00e1s humano, con acciones que inciden de manera directa para mejorar la&#8230;<\/p>\n","protected":false},"author":2,"featured_media":27772,"comment_status":"open","ping_status":"open","sticky":false,"template":"","format":"standard","meta":{"footnotes":""},"categories":[36,8],"tags":[29,30,28],"class_list":["post-27771","post","type-post","status-publish","format-standard","has-post-thumbnail","hentry","category-colima","category-municipios","tag-grid","tag-news","tag-slider"],"_links":{"self":[{"href":"http:\/\/elobservatorio.com.mx\/index.php?rest_route=\/wp\/v2\/posts\/27771"}],"collection":[{"href":"http:\/\/elobservatorio.com.mx\/index.php?rest_route=\/wp\/v2\/posts"}],"about":[{"href":"http:\/\/elobservatorio.com.mx\/index.php?rest_route=\/wp\/v2\/types\/post"}],"author":[{"embeddable":true,"href":"http:\/\/elobservatorio.com.mx\/index.php?rest_route=\/wp\/v2\/users\/2"}],"replies":[{"embeddable":true,"href":"http:\/\/elobservatorio.com.mx\/index.php?rest_route=%2Fwp%2Fv2%2Fcomments&post=27771"}],"version-history":[{"count":0,"href":"http:\/\/elobservatorio.com.mx\/index.php?rest_route=\/wp\/v2\/posts\/27771\/revisions"}],"wp:featuredmedia":[{"embeddable":true,"href":"http:\/\/elobservatorio.com.mx\/index.php?rest_route=\/wp\/v2\/media\/27772"}],"wp:attachment":[{"href":"http:\/\/elobservatorio.com.mx\/index.php?rest_route=%2Fwp%2Fv2%2Fmedia&parent=27771"}],"wp:term":[{"taxonomy":"category","embeddable":true,"href":"http:\/\/elobservatorio.com.mx\/index.php?rest_route=%2Fwp%2Fv2%2Fcategories&post=27771"},{"taxonomy":"post_tag","embeddable":true,"href":"http:\/\/elobservatorio.com.mx\/index.php?rest_route=%2Fwp%2Fv2%2Ftags&post=27771"}],"curies":[{"name":"wp","href":"https:\/\/api.w.org\/{rel}","templated":true}]}}