{"id":27852,"date":"2023-08-01T23:01:00","date_gmt":"2023-08-02T05:01:00","guid":{"rendered":"http:\/\/elobservatorio.com.mx\/?p=27852"},"modified":"2023-08-01T23:01:00","modified_gmt":"2023-08-02T05:01:00","slug":"margarita-moreno-refrenda-su-apoyo-a-autoridades-auxiliares-de-salud","status":"publish","type":"post","link":"http:\/\/elobservatorio.com.mx\/?p=27852","title":{"rendered":"Margarita Moreno refrenda su apoyo a autoridades auxiliares de salud"},"content":{"rendered":"<div dir=\"auto\"><em>*Gracias a la sensibilidad de la presidenta municipal se increment\u00f3 el apoyo que reciben las mujeres responsables de las situaciones de emergencia en las comunidades rurales.<\/em><\/div>\n<div dir=\"auto\"><\/div>\n<div dir=\"auto\">La presidenta municipal de Colima, Margarita Moreno, hizo entrega de los apoyos a las autoridades auxiliares de salud, quienes, en su totalidad son mujeres, que se encargan de atender y canalizar las situaciones de emergencia en las comunidades rurales.<\/div>\n<div dir=\"auto\">Esta ocasi\u00f3n, gracias a la sensibilidad de la presidenta municipal y respondiendo a la convicci\u00f3n de seguir apoyando a las comunidades rurales, se logr\u00f3, para este 2023, aumentar en un 150 por ciento el apoyo municipal, en comparaci\u00f3n con a\u00f1os anteriores.<\/div>\n<div dir=\"auto\"><\/div>\n<div dir=\"auto\">\u201cSabemos lo que implica su responsabilidad. Son ustedes quienes atienden a las personas que necesitan de alg\u00fan servicio de emergencia, o nos canalizan con las instituciones de salud. Lo que hacen ustedes por las comunidades es muy importante\u201d, coment\u00f3 la presidenta municipal.<\/div>\n<div dir=\"auto\"><\/div>\n<div dir=\"auto\">En un encuentro con las representantes de cada comunidad, Margarita Moreno resalt\u00f3 lo necesario que es trabajar en equipo por las familias del municipio, reconociendo la labor que como autoridades auxiliares efect\u00faan, siendo ellas quienes colaboraran en la promoci\u00f3n, atenci\u00f3n y gesti\u00f3n de los diferentes temas de salud.<\/div>\n<div dir=\"auto\"><\/div>\n<div dir=\"auto\">A nombre de las beneficiarias, Herminia Ch\u00e1vez, representante de las autoridades de salud agradeci\u00f3 el respaldo que han tenido de la presidenta municipal, al se\u00f1alar que ha actuado con sensibilidad en la cercan\u00eda con las comunidades, pero tambi\u00e9n, aumentando los apoyos econ\u00f3micos que sirven para dotar las unidades de algunos insumos b\u00e1sicos para trabajar en favor de la poblaci\u00f3n.<\/div>\n<div dir=\"auto\"><\/div>\n<div dir=\"auto\">Por su parte, la secretaria del Ayuntamiento, Himelda Meraz S\u00e1nchez, dio a conocer que este programa integra a 23 comunidades, que se han podido consolidar por la convicci\u00f3n y constancia de mujeres que, entre muchas otras cosas, dan un acompa\u00f1amiento a muchas personas en las localidades de la capital, atendiendo a su vocaci\u00f3n e inter\u00e9s de servir.<\/div>\n","protected":false},"excerpt":{"rendered":"<p>*Gracias a la sensibilidad de la presidenta municipal se increment\u00f3 el apoyo que reciben las mujeres responsables de las situaciones de emergencia en las comunidades rurales. La presidenta municipal de Colima, Margarita Moreno, hizo entrega de los apoyos a las autoridades auxiliares de salud, quienes, en su totalidad son mujeres, que se encargan de atender&#8230;<\/p>\n","protected":false},"author":2,"featured_media":27853,"comment_status":"open","ping_status":"open","sticky":false,"template":"","format":"standard","meta":{"footnotes":""},"categories":[36,8],"tags":[29,30,28],"class_list":["post-27852","post","type-post","status-publish","format-standard","has-post-thumbnail","hentry","category-colima","category-municipios","tag-grid","tag-news","tag-slider"],"_links":{"self":[{"href":"http:\/\/elobservatorio.com.mx\/index.php?rest_route=\/wp\/v2\/posts\/27852"}],"collection":[{"href":"http:\/\/elobservatorio.com.mx\/index.php?rest_route=\/wp\/v2\/posts"}],"about":[{"href":"http:\/\/elobservatorio.com.mx\/index.php?rest_route=\/wp\/v2\/types\/post"}],"author":[{"embeddable":true,"href":"http:\/\/elobservatorio.com.mx\/index.php?rest_route=\/wp\/v2\/users\/2"}],"replies":[{"embeddable":true,"href":"http:\/\/elobservatorio.com.mx\/index.php?rest_route=%2Fwp%2Fv2%2Fcomments&post=27852"}],"version-history":[{"count":0,"href":"http:\/\/elobservatorio.com.mx\/index.php?rest_route=\/wp\/v2\/posts\/27852\/revisions"}],"wp:featuredmedia":[{"embeddable":true,"href":"http:\/\/elobservatorio.com.mx\/index.php?rest_route=\/wp\/v2\/media\/27853"}],"wp:attachment":[{"href":"http:\/\/elobservatorio.com.mx\/index.php?rest_route=%2Fwp%2Fv2%2Fmedia&parent=27852"}],"wp:term":[{"taxonomy":"category","embeddable":true,"href":"http:\/\/elobservatorio.com.mx\/index.php?rest_route=%2Fwp%2Fv2%2Fcategories&post=27852"},{"taxonomy":"post_tag","embeddable":true,"href":"http:\/\/elobservatorio.com.mx\/index.php?rest_route=%2Fwp%2Fv2%2Ftags&post=27852"}],"curies":[{"name":"wp","href":"https:\/\/api.w.org\/{rel}","templated":true}]}}